{"id":1896,"date":"2023-08-14T08:25:53","date_gmt":"2023-08-14T08:25:53","guid":{"rendered":"https:\/\/thepositivefashionclub.com\/?p=1896"},"modified":"2024-04-22T14:24:15","modified_gmt":"2024-04-22T14:24:15","slug":"hora-de-convertirnos-en-consumidores-sostenibles","status":"publish","type":"post","link":"https:\/\/thepositivefashionclub.com\/es\/hora-de-convertirnos-en-consumidores-sostenibles\/","title":{"rendered":"\u00a1Hora de convertirnos en consumidores sostenibles para productos textiles!"},"content":{"rendered":"\n<h2 class=\"wp-block-heading\"><strong>\u00abLa Comisi\u00f3n Europea aplaude la estrategia de la Uni\u00f3n para la sostenibilidad de los productos textiles: \u00a1Hora de convertirnos en consumidores sostenibles!\u00bb<\/strong><\/h2>\n\n\n\n<p>La Comisi\u00f3n Europea ha recibido con entusiasmo la Comunicaci\u00f3n sobre la Estrategia de la Uni\u00f3n para la circularidad y sostenibilidad de los productos textiles*, junto con la visi\u00f3n presentada para el a\u00f1o 2030. Los objetivos clave incluyen lograr la neutralidad clim\u00e1tica para 2050, detener la p\u00e9rdida de biodiversidad y alcanzar la contaminaci\u00f3n cero.<\/p>\n\n\n\n<p>Para avanzar hacia una industria textil sostenible y circular, en ella, se destaca la necesidad de un enfoque integral que abarque toda la cadena de valor de los productos textiles. Es esencial garantizar que los textiles sean duraderos, reutilizables, reparables, reciclables y producidos con fibras recicladas, y libres de sustancias peligrosas, respetando los derechos humanos, el medio ambiente y el bienestar de los animales.<\/p>\n\n\n\n<figure class=\"wp-block-image size-large\"><img fetchpriority=\"high\" decoding=\"async\" width=\"1024\" height=\"410\" src=\"https:\/\/thepositivefashionclub.com\/wp-content\/uploads\/2023\/06\/terrasa-moda-positiva-prensa-02-1024x410.jpg\" alt=\"\" class=\"wp-image-1848\" srcset=\"https:\/\/thepositivefashionclub.com\/wp-content\/uploads\/2023\/06\/terrasa-moda-positiva-prensa-02-1024x410.jpg 1024w, https:\/\/thepositivefashionclub.com\/wp-content\/uploads\/2023\/06\/terrasa-moda-positiva-prensa-02-300x120.jpg 300w, https:\/\/thepositivefashionclub.com\/wp-content\/uploads\/2023\/06\/terrasa-moda-positiva-prensa-02-768x308.jpg 768w, https:\/\/thepositivefashionclub.com\/wp-content\/uploads\/2023\/06\/terrasa-moda-positiva-prensa-02-1536x616.jpg 1536w, https:\/\/thepositivefashionclub.com\/wp-content\/uploads\/2023\/06\/terrasa-moda-positiva-prensa-02-600x241.jpg 600w, https:\/\/thepositivefashionclub.com\/wp-content\/uploads\/2023\/06\/terrasa-moda-positiva-prensa-02.jpg 1896w\" sizes=\"(max-width: 1024px) 100vw, 1024px\" \/><\/figure>\n\n\n\n<p>Tambi\u00e9n se hace un llamado a poner fin a la moda r\u00e1pida es una prioridad, dado que los niveles actuales de producci\u00f3n y consumo son insostenibles y acoge con satisfacci\u00f3n la iniciativa de facultar a los consumidores en relaci\u00f3n con la transici\u00f3n ecol\u00f3gica y las normas de la Uni\u00f3n resultantes que deber\u00edan garantizar que los consumidores reciban informaci\u00f3n en el punto de venta sobre una garant\u00eda comercial de durabilidad para los productos textiles, as\u00ed como informaci\u00f3n pertinente sobre su reparabilidad, su gesti\u00f3n al final de su vida \u00fatil y el a\u00f1o de fabricaci\u00f3n del producto. \u00abDesde<strong> &#8216;<a href=\"https:\/\/thepositivefashionclub.com\/quienes-somos\/\">El Club de la Moda Positiva<\/a>&#8216;,<\/strong> aplaudimos los esfuerzos de los gobiernos europeos al trazar un camino hacia la sostenibilidad en la industria textil. Sin embargo, subrayamos que este esfuerzo debe ser colectivo, involucrando a la industria, los consumidores y los educadores, quienes act\u00faan como el v\u00ednculo entre estos dos mundos. Es imperativo que la industria no solo cumpla con las regulaciones, evitando caer en pr\u00e1cticas enga\u00f1osas como el greenwashing, sino que los consumidores tengan acceso a informaci\u00f3n completa para tomar decisiones informadas y ejerzan su poder al exigir est\u00e1ndares sostenibles y \u00e9ticos.\u00bb<\/p>\n\n\n\n<div class=\"wp-block-buttons is-layout-flex wp-block-buttons-is-layout-flex\">\n<div class=\"wp-block-button\"><a class=\"wp-block-button__link wp-element-button\" href=\"https:\/\/www.europarl.europa.eu\/doceo\/document\/TA-9-2023-0215_ES.html\" target=\"_blank\" rel=\"noreferrer noopener\">Ver Documento<\/a><\/div>\n<\/div>\n","protected":false},"excerpt":{"rendered":"<p>La Comisi\u00f3n Europea ha recibido con entusiasmo la Comunicaci\u00f3n sobre la Estrategia de la Uni\u00f3n para la circularidad y sostenibilidad de los productos textiles, junto con la visi\u00f3n presentada para el a\u00f1o 2030.<\/p>\n","protected":false},"author":1,"featured_media":1884,"comment_status":"closed","ping_status":"open","sticky":false,"template":"","format":"standard","meta":{"footnotes":""},"categories":[1],"tags":[],"class_list":["post-1896","post","type-post","status-publish","format-standard","has-post-thumbnail","hentry","category-sin-categorizar"],"yoast_head":"<!-- This site is optimized with the Yoast SEO plugin v27.5 - https:\/\/yoast.com\/product\/yoast-seo-wordpress\/ -->\n<title>Sostenibilidad de los productos textiles<\/title>\n<meta name=\"description\" content=\"La Comisi\u00f3n Europea aplaude la estrategia de la Uni\u00f3n para sostenibilidad de los productos textiles. El Club de la Moda positiva.\" \/>\n<meta name=\"robots\" content=\"index, follow, max-snippet:-1, max-image-preview:large, max-video-preview:-1\" \/>\n<link rel=\"canonical\" href=\"https:\/\/thepositivefashionclub.com\/es\/hora-de-convertirnos-en-consumidores-sostenibles\/\" \/>\n<meta property=\"og:locale\" content=\"es_ES\" \/>\n<meta property=\"og:type\" content=\"article\" \/>\n<meta property=\"og:title\" content=\"Sostenibilidad de los productos textiles\" \/>\n<meta property=\"og:description\" content=\"La Comisi\u00f3n Europea aplaude la estrategia de la Uni\u00f3n para sostenibilidad de los productos textiles. El Club de la Moda positiva.\" \/>\n<meta property=\"og:url\" content=\"https:\/\/thepositivefashionclub.com\/es\/hora-de-convertirnos-en-consumidores-sostenibles\/\" \/>\n<meta property=\"og:site_name\" content=\"El Club de la Moda Positiva\" \/>\n<meta property=\"article:publisher\" content=\"https:\/\/www.facebook.com\/elclubdelamodapositiva\" \/>\n<meta property=\"article:published_time\" content=\"2023-08-14T08:25:53+00:00\" \/>\n<meta property=\"article:modified_time\" content=\"2024-04-22T14:24:15+00:00\" \/>\n<meta property=\"og:image\" content=\"https:\/\/thepositivefashionclub.com\/wp-content\/uploads\/2023\/07\/foto-noticia-01.jpg\" \/>\n\t<meta property=\"og:image:width\" content=\"1200\" \/>\n\t<meta property=\"og:image:height\" content=\"800\" \/>\n\t<meta property=\"og:image:type\" content=\"image\/jpeg\" \/>\n<meta name=\"author\" content=\"Wabi\" \/>\n<meta name=\"twitter:card\" content=\"summary_large_image\" \/>\n<meta name=\"twitter:label1\" content=\"Escrito por\" \/>\n\t<meta name=\"twitter:data1\" content=\"Wabi\" \/>\n\t<meta name=\"twitter:label2\" content=\"Tiempo de lectura\" \/>\n\t<meta name=\"twitter:data2\" content=\"2 minutos\" \/>\n<script type=\"application\/ld+json\" class=\"yoast-schema-graph\">{\"@context\":\"https:\\\/\\\/schema.org\",\"@graph\":[{\"@type\":\"Article\",\"@id\":\"https:\\\/\\\/thepositivefashionclub.com\\\/es\\\/hora-de-convertirnos-en-consumidores-sostenibles\\\/#article\",\"isPartOf\":{\"@id\":\"https:\\\/\\\/thepositivefashionclub.com\\\/es\\\/hora-de-convertirnos-en-consumidores-sostenibles\\\/\"},\"author\":{\"name\":\"Wabi\",\"@id\":\"https:\\\/\\\/thepositivefashionclub.com\\\/es\\\/#\\\/schema\\\/person\\\/cbd9d637995b2c1e75a9f3a0487fc7ec\"},\"headline\":\"\u00a1Hora de convertirnos en consumidores sostenibles para productos textiles!\",\"datePublished\":\"2023-08-14T08:25:53+00:00\",\"dateModified\":\"2024-04-22T14:24:15+00:00\",\"mainEntityOfPage\":{\"@id\":\"https:\\\/\\\/thepositivefashionclub.com\\\/es\\\/hora-de-convertirnos-en-consumidores-sostenibles\\\/\"},\"wordCount\":368,\"publisher\":{\"@id\":\"https:\\\/\\\/thepositivefashionclub.com\\\/es\\\/#organization\"},\"image\":{\"@id\":\"https:\\\/\\\/thepositivefashionclub.com\\\/es\\\/hora-de-convertirnos-en-consumidores-sostenibles\\\/#primaryimage\"},\"thumbnailUrl\":\"https:\\\/\\\/thepositivefashionclub.com\\\/wp-content\\\/uploads\\\/2023\\\/07\\\/foto-noticia-01.jpg\",\"articleSection\":[\"Sin categorizar\"],\"inLanguage\":\"es\"},{\"@type\":\"WebPage\",\"@id\":\"https:\\\/\\\/thepositivefashionclub.com\\\/es\\\/hora-de-convertirnos-en-consumidores-sostenibles\\\/\",\"url\":\"https:\\\/\\\/thepositivefashionclub.com\\\/es\\\/hora-de-convertirnos-en-consumidores-sostenibles\\\/\",\"name\":\"Sostenibilidad de los productos textiles\",\"isPartOf\":{\"@id\":\"https:\\\/\\\/thepositivefashionclub.com\\\/es\\\/#website\"},\"primaryImageOfPage\":{\"@id\":\"https:\\\/\\\/thepositivefashionclub.com\\\/es\\\/hora-de-convertirnos-en-consumidores-sostenibles\\\/#primaryimage\"},\"image\":{\"@id\":\"https:\\\/\\\/thepositivefashionclub.com\\\/es\\\/hora-de-convertirnos-en-consumidores-sostenibles\\\/#primaryimage\"},\"thumbnailUrl\":\"https:\\\/\\\/thepositivefashionclub.com\\\/wp-content\\\/uploads\\\/2023\\\/07\\\/foto-noticia-01.jpg\",\"datePublished\":\"2023-08-14T08:25:53+00:00\",\"dateModified\":\"2024-04-22T14:24:15+00:00\",\"description\":\"La Comisi\u00f3n Europea aplaude la estrategia de la Uni\u00f3n para sostenibilidad de los productos textiles. El Club de la Moda positiva.\",\"breadcrumb\":{\"@id\":\"https:\\\/\\\/thepositivefashionclub.com\\\/es\\\/hora-de-convertirnos-en-consumidores-sostenibles\\\/#breadcrumb\"},\"inLanguage\":\"es\",\"potentialAction\":[{\"@type\":\"ReadAction\",\"target\":[\"https:\\\/\\\/thepositivefashionclub.com\\\/es\\\/hora-de-convertirnos-en-consumidores-sostenibles\\\/\"]}]},{\"@type\":\"ImageObject\",\"inLanguage\":\"es\",\"@id\":\"https:\\\/\\\/thepositivefashionclub.com\\\/es\\\/hora-de-convertirnos-en-consumidores-sostenibles\\\/#primaryimage\",\"url\":\"https:\\\/\\\/thepositivefashionclub.com\\\/wp-content\\\/uploads\\\/2023\\\/07\\\/foto-noticia-01.jpg\",\"contentUrl\":\"https:\\\/\\\/thepositivefashionclub.com\\\/wp-content\\\/uploads\\\/2023\\\/07\\\/foto-noticia-01.jpg\",\"width\":1200,\"height\":800},{\"@type\":\"BreadcrumbList\",\"@id\":\"https:\\\/\\\/thepositivefashionclub.com\\\/es\\\/hora-de-convertirnos-en-consumidores-sostenibles\\\/#breadcrumb\",\"itemListElement\":[{\"@type\":\"ListItem\",\"position\":1,\"name\":\"Portada\",\"item\":\"https:\\\/\\\/thepositivefashionclub.com\\\/es\\\/\"},{\"@type\":\"ListItem\",\"position\":2,\"name\":\"\u00a1Hora de convertirnos en consumidores sostenibles para productos textiles!\"}]},{\"@type\":\"WebSite\",\"@id\":\"https:\\\/\\\/thepositivefashionclub.com\\\/es\\\/#website\",\"url\":\"https:\\\/\\\/thepositivefashionclub.com\\\/es\\\/\",\"name\":\"El Club de la Moda Positiva\",\"description\":\"\",\"publisher\":{\"@id\":\"https:\\\/\\\/thepositivefashionclub.com\\\/es\\\/#organization\"},\"potentialAction\":[{\"@type\":\"SearchAction\",\"target\":{\"@type\":\"EntryPoint\",\"urlTemplate\":\"https:\\\/\\\/thepositivefashionclub.com\\\/es\\\/?s={search_term_string}\"},\"query-input\":{\"@type\":\"PropertyValueSpecification\",\"valueRequired\":true,\"valueName\":\"search_term_string\"}}],\"inLanguage\":\"es\"},{\"@type\":\"Organization\",\"@id\":\"https:\\\/\\\/thepositivefashionclub.com\\\/es\\\/#organization\",\"name\":\"El Club de la Moda Positiva\",\"url\":\"https:\\\/\\\/thepositivefashionclub.com\\\/es\\\/\",\"logo\":{\"@type\":\"ImageObject\",\"inLanguage\":\"es\",\"@id\":\"https:\\\/\\\/thepositivefashionclub.com\\\/es\\\/#\\\/schema\\\/logo\\\/image\\\/\",\"url\":\"https:\\\/\\\/thepositivefashionclub.com\\\/wp-content\\\/uploads\\\/2024\\\/10\\\/cropped-logo-PFC-e1730203443817.jpg\",\"contentUrl\":\"https:\\\/\\\/thepositivefashionclub.com\\\/wp-content\\\/uploads\\\/2024\\\/10\\\/cropped-logo-PFC-e1730203443817.jpg\",\"width\":300,\"height\":303,\"caption\":\"El Club de la Moda Positiva\"},\"image\":{\"@id\":\"https:\\\/\\\/thepositivefashionclub.com\\\/es\\\/#\\\/schema\\\/logo\\\/image\\\/\"},\"sameAs\":[\"https:\\\/\\\/www.facebook.com\\\/elclubdelamodapositiva\",\"https:\\\/\\\/www.instagram.com\\\/elclubdelamodapositiva\\\/\",\"https:\\\/\\\/www.linkedin.com\\\/company\\\/el-club-de-la-moda-positiva\\\/\",\"https:\\\/\\\/www.youtube.com\\\/@elclubdelamodapositiva7328\"]},{\"@type\":\"Person\",\"@id\":\"https:\\\/\\\/thepositivefashionclub.com\\\/es\\\/#\\\/schema\\\/person\\\/cbd9d637995b2c1e75a9f3a0487fc7ec\",\"name\":\"Wabi\",\"image\":{\"@type\":\"ImageObject\",\"inLanguage\":\"es\",\"@id\":\"https:\\\/\\\/secure.gravatar.com\\\/avatar\\\/02e507ad392b247c4f9092c139a289489ff0fb50a86afa93e2f64721f1f6d2ff?s=96&d=mm&r=g\",\"url\":\"https:\\\/\\\/secure.gravatar.com\\\/avatar\\\/02e507ad392b247c4f9092c139a289489ff0fb50a86afa93e2f64721f1f6d2ff?s=96&d=mm&r=g\",\"contentUrl\":\"https:\\\/\\\/secure.gravatar.com\\\/avatar\\\/02e507ad392b247c4f9092c139a289489ff0fb50a86afa93e2f64721f1f6d2ff?s=96&d=mm&r=g\",\"caption\":\"Wabi\"},\"sameAs\":[\"https:\\\/\\\/thepositivefashionclub.com\"],\"url\":\"https:\\\/\\\/thepositivefashionclub.com\\\/es\\\/author\\\/wabi\\\/\"}]}<\/script>\n<!-- \/ Yoast SEO plugin. -->","yoast_head_json":{"title":"Sostenibilidad de los productos textiles","description":"La Comisi\u00f3n Europea aplaude la estrategia de la Uni\u00f3n para sostenibilidad de los productos textiles. El Club de la Moda positiva.","robots":{"index":"index","follow":"follow","max-snippet":"max-snippet:-1","max-image-preview":"max-image-preview:large","max-video-preview":"max-video-preview:-1"},"canonical":"https:\/\/thepositivefashionclub.com\/es\/hora-de-convertirnos-en-consumidores-sostenibles\/","og_locale":"es_ES","og_type":"article","og_title":"Sostenibilidad de los productos textiles","og_description":"La Comisi\u00f3n Europea aplaude la estrategia de la Uni\u00f3n para sostenibilidad de los productos textiles. El Club de la Moda positiva.","og_url":"https:\/\/thepositivefashionclub.com\/es\/hora-de-convertirnos-en-consumidores-sostenibles\/","og_site_name":"El Club de la Moda Positiva","article_publisher":"https:\/\/www.facebook.com\/elclubdelamodapositiva","article_published_time":"2023-08-14T08:25:53+00:00","article_modified_time":"2024-04-22T14:24:15+00:00","og_image":[{"width":1200,"height":800,"url":"https:\/\/thepositivefashionclub.com\/wp-content\/uploads\/2023\/07\/foto-noticia-01.jpg","type":"image\/jpeg"}],"author":"Wabi","twitter_card":"summary_large_image","twitter_misc":{"Escrito por":"Wabi","Tiempo de lectura":"2 minutos"},"schema":{"@context":"https:\/\/schema.org","@graph":[{"@type":"Article","@id":"https:\/\/thepositivefashionclub.com\/es\/hora-de-convertirnos-en-consumidores-sostenibles\/#article","isPartOf":{"@id":"https:\/\/thepositivefashionclub.com\/es\/hora-de-convertirnos-en-consumidores-sostenibles\/"},"author":{"name":"Wabi","@id":"https:\/\/thepositivefashionclub.com\/es\/#\/schema\/person\/cbd9d637995b2c1e75a9f3a0487fc7ec"},"headline":"\u00a1Hora de convertirnos en consumidores sostenibles para productos textiles!","datePublished":"2023-08-14T08:25:53+00:00","dateModified":"2024-04-22T14:24:15+00:00","mainEntityOfPage":{"@id":"https:\/\/thepositivefashionclub.com\/es\/hora-de-convertirnos-en-consumidores-sostenibles\/"},"wordCount":368,"publisher":{"@id":"https:\/\/thepositivefashionclub.com\/es\/#organization"},"image":{"@id":"https:\/\/thepositivefashionclub.com\/es\/hora-de-convertirnos-en-consumidores-sostenibles\/#primaryimage"},"thumbnailUrl":"https:\/\/thepositivefashionclub.com\/wp-content\/uploads\/2023\/07\/foto-noticia-01.jpg","articleSection":["Sin categorizar"],"inLanguage":"es"},{"@type":"WebPage","@id":"https:\/\/thepositivefashionclub.com\/es\/hora-de-convertirnos-en-consumidores-sostenibles\/","url":"https:\/\/thepositivefashionclub.com\/es\/hora-de-convertirnos-en-consumidores-sostenibles\/","name":"Sostenibilidad de los productos textiles","isPartOf":{"@id":"https:\/\/thepositivefashionclub.com\/es\/#website"},"primaryImageOfPage":{"@id":"https:\/\/thepositivefashionclub.com\/es\/hora-de-convertirnos-en-consumidores-sostenibles\/#primaryimage"},"image":{"@id":"https:\/\/thepositivefashionclub.com\/es\/hora-de-convertirnos-en-consumidores-sostenibles\/#primaryimage"},"thumbnailUrl":"https:\/\/thepositivefashionclub.com\/wp-content\/uploads\/2023\/07\/foto-noticia-01.jpg","datePublished":"2023-08-14T08:25:53+00:00","dateModified":"2024-04-22T14:24:15+00:00","description":"La Comisi\u00f3n Europea aplaude la estrategia de la Uni\u00f3n para sostenibilidad de los productos textiles. El Club de la Moda positiva.","breadcrumb":{"@id":"https:\/\/thepositivefashionclub.com\/es\/hora-de-convertirnos-en-consumidores-sostenibles\/#breadcrumb"},"inLanguage":"es","potentialAction":[{"@type":"ReadAction","target":["https:\/\/thepositivefashionclub.com\/es\/hora-de-convertirnos-en-consumidores-sostenibles\/"]}]},{"@type":"ImageObject","inLanguage":"es","@id":"https:\/\/thepositivefashionclub.com\/es\/hora-de-convertirnos-en-consumidores-sostenibles\/#primaryimage","url":"https:\/\/thepositivefashionclub.com\/wp-content\/uploads\/2023\/07\/foto-noticia-01.jpg","contentUrl":"https:\/\/thepositivefashionclub.com\/wp-content\/uploads\/2023\/07\/foto-noticia-01.jpg","width":1200,"height":800},{"@type":"BreadcrumbList","@id":"https:\/\/thepositivefashionclub.com\/es\/hora-de-convertirnos-en-consumidores-sostenibles\/#breadcrumb","itemListElement":[{"@type":"ListItem","position":1,"name":"Portada","item":"https:\/\/thepositivefashionclub.com\/es\/"},{"@type":"ListItem","position":2,"name":"\u00a1Hora de convertirnos en consumidores sostenibles para productos textiles!"}]},{"@type":"WebSite","@id":"https:\/\/thepositivefashionclub.com\/es\/#website","url":"https:\/\/thepositivefashionclub.com\/es\/","name":"El Club de la Moda Positiva","description":"","publisher":{"@id":"https:\/\/thepositivefashionclub.com\/es\/#organization"},"potentialAction":[{"@type":"SearchAction","target":{"@type":"EntryPoint","urlTemplate":"https:\/\/thepositivefashionclub.com\/es\/?s={search_term_string}"},"query-input":{"@type":"PropertyValueSpecification","valueRequired":true,"valueName":"search_term_string"}}],"inLanguage":"es"},{"@type":"Organization","@id":"https:\/\/thepositivefashionclub.com\/es\/#organization","name":"El Club de la Moda Positiva","url":"https:\/\/thepositivefashionclub.com\/es\/","logo":{"@type":"ImageObject","inLanguage":"es","@id":"https:\/\/thepositivefashionclub.com\/es\/#\/schema\/logo\/image\/","url":"https:\/\/thepositivefashionclub.com\/wp-content\/uploads\/2024\/10\/cropped-logo-PFC-e1730203443817.jpg","contentUrl":"https:\/\/thepositivefashionclub.com\/wp-content\/uploads\/2024\/10\/cropped-logo-PFC-e1730203443817.jpg","width":300,"height":303,"caption":"El Club de la Moda Positiva"},"image":{"@id":"https:\/\/thepositivefashionclub.com\/es\/#\/schema\/logo\/image\/"},"sameAs":["https:\/\/www.facebook.com\/elclubdelamodapositiva","https:\/\/www.instagram.com\/elclubdelamodapositiva\/","https:\/\/www.linkedin.com\/company\/el-club-de-la-moda-positiva\/","https:\/\/www.youtube.com\/@elclubdelamodapositiva7328"]},{"@type":"Person","@id":"https:\/\/thepositivefashionclub.com\/es\/#\/schema\/person\/cbd9d637995b2c1e75a9f3a0487fc7ec","name":"Wabi","image":{"@type":"ImageObject","inLanguage":"es","@id":"https:\/\/secure.gravatar.com\/avatar\/02e507ad392b247c4f9092c139a289489ff0fb50a86afa93e2f64721f1f6d2ff?s=96&d=mm&r=g","url":"https:\/\/secure.gravatar.com\/avatar\/02e507ad392b247c4f9092c139a289489ff0fb50a86afa93e2f64721f1f6d2ff?s=96&d=mm&r=g","contentUrl":"https:\/\/secure.gravatar.com\/avatar\/02e507ad392b247c4f9092c139a289489ff0fb50a86afa93e2f64721f1f6d2ff?s=96&d=mm&r=g","caption":"Wabi"},"sameAs":["https:\/\/thepositivefashionclub.com"],"url":"https:\/\/thepositivefashionclub.com\/es\/author\/wabi\/"}]}},"_links":{"self":[{"href":"https:\/\/thepositivefashionclub.com\/es\/wp-json\/wp\/v2\/posts\/1896","targetHints":{"allow":["GET"]}}],"collection":[{"href":"https:\/\/thepositivefashionclub.com\/es\/wp-json\/wp\/v2\/posts"}],"about":[{"href":"https:\/\/thepositivefashionclub.com\/es\/wp-json\/wp\/v2\/types\/post"}],"author":[{"embeddable":true,"href":"https:\/\/thepositivefashionclub.com\/es\/wp-json\/wp\/v2\/users\/1"}],"replies":[{"embeddable":true,"href":"https:\/\/thepositivefashionclub.com\/es\/wp-json\/wp\/v2\/comments?post=1896"}],"version-history":[{"count":6,"href":"https:\/\/thepositivefashionclub.com\/es\/wp-json\/wp\/v2\/posts\/1896\/revisions"}],"predecessor-version":[{"id":3640,"href":"https:\/\/thepositivefashionclub.com\/es\/wp-json\/wp\/v2\/posts\/1896\/revisions\/3640"}],"wp:featuredmedia":[{"embeddable":true,"href":"https:\/\/thepositivefashionclub.com\/es\/wp-json\/wp\/v2\/media\/1884"}],"wp:attachment":[{"href":"https:\/\/thepositivefashionclub.com\/es\/wp-json\/wp\/v2\/media?parent=1896"}],"wp:term":[{"taxonomy":"category","embeddable":true,"href":"https:\/\/thepositivefashionclub.com\/es\/wp-json\/wp\/v2\/categories?post=1896"},{"taxonomy":"post_tag","embeddable":true,"href":"https:\/\/thepositivefashionclub.com\/es\/wp-json\/wp\/v2\/tags?post=1896"}],"curies":[{"name":"wp","href":"https:\/\/api.w.org\/{rel}","templated":true}]}}