{"id":2903,"date":"2023-10-23T11:01:22","date_gmt":"2023-10-23T11:01:22","guid":{"rendered":"https:\/\/thepositivefashionclub.com\/?p=2903"},"modified":"2024-05-16T16:39:07","modified_gmt":"2024-05-16T16:39:07","slug":"entrevista-en-sostenibilitat-amb-gisela-en-radio-molins-de-rei-2","status":"publish","type":"post","link":"https:\/\/thepositivefashionclub.com\/es\/entrevista-en-sostenibilitat-amb-gisela-en-radio-molins-de-rei-2\/","title":{"rendered":"Entrevista en \u00abSostenibilitat amb Gisela\u00bb en R\u00e0dio Molins de Rei"},"content":{"rendered":"\n<h2 class=\"wp-block-heading\"><strong>Fiorella y Sonja de El Club de la Moda Positiva hablan sobre sostenibilidad y educaci\u00f3n. <\/strong><\/h2>\n\n\n\n<p>La semana pasada nuestra colaboradora Gisela Villasevil Pau nos invit\u00f3 a participar en su programa de radio \u00abSostenibilitat amb Gisela\u00bb de R\u00e0dio Molins de Rei. Fue una charla muy interesante en la que hablamos de la importancia de, como consumidores, informarnos sobre lo que compramos, lo que nos \u00abvenden\u00bb, el coste real de la \u00abmoda r\u00e1pida\u00bb, la necesidad de bajar el ritmo del consumo y alternativas como el intercambio de ropa o la compra de segunda mano.<\/p>\n\n\n\n<p>Tambi\u00e9n hablamos de nuestro proyecto de <a href=\"https:\/\/thepositivefashionclub.com\/?v=04c19fa1e772\">El Club de la Moda Positiva<\/a>, y de la labor importante de <a href=\"https:\/\/thepositivefashionclub.com\/actividades-talleres-y-charlas\/?v=04c19fa1e772\">educar<\/a> a las futuras generaciones, sobretodo antes de que se adquieran h\u00e1bitos de consumo poco sostenibles que son m\u00e1s dif\u00edciles de cambiar cuando somos adultos. <\/p>\n\n\n\n<p>\u00bfSab\u00edas que para fabricar un par de tejanos, se utilizan hasta 10,000 litros de agua?<\/p>\n\n\n\n<p>\u00bfSab\u00edas que la industria textil (ropa, toallas, cortinas, tapicer\u00edas, etc.) es la SEGUNDA m\u00e1s contaminante a d\u00eda de hoy, detr\u00e1s del petr\u00f3leo? (acaba de subir una posici\u00f3n)<\/p>\n\n\n\n<p>\u00bfSabes d\u00f3nde acaba la ropa que desechas?<\/p>\n\n\n\n<p>\u00bfQuieres empezar a ser consciente y aportar tu granito de arena a este cambio tan necesario?<\/p>\n\n\n\n<p>Para escuchar el podcast, haz click <a href=\"https:\/\/enacast-audios.s3.us-east-005.backblazeb2.com\/recordedpodcasts\/radiomolinsderei\/2023\/10\/20\/2023-10-20_38740_sostenibilitat-amb-gisela.mp3\">aqu\u00ed<\/a>.<\/p>\n\n\n\n<figure class=\"wp-block-image aligncenter size-large is-resized\"><img fetchpriority=\"high\" decoding=\"async\" width=\"1024\" height=\"759\" src=\"https:\/\/thepositivefashionclub.com\/wp-content\/uploads\/2023\/10\/Entrevista-radio-1024x759.jpg\" alt=\"\" class=\"wp-image-2893\" style=\"aspect-ratio:1.3491436100131753;width:574px;height:auto\" srcset=\"https:\/\/thepositivefashionclub.com\/wp-content\/uploads\/2023\/10\/Entrevista-radio-1024x759.jpg 1024w, https:\/\/thepositivefashionclub.com\/wp-content\/uploads\/2023\/10\/Entrevista-radio-300x222.jpg 300w, https:\/\/thepositivefashionclub.com\/wp-content\/uploads\/2023\/10\/Entrevista-radio-768x569.jpg 768w, https:\/\/thepositivefashionclub.com\/wp-content\/uploads\/2023\/10\/Entrevista-radio-1536x1139.jpg 1536w, https:\/\/thepositivefashionclub.com\/wp-content\/uploads\/2023\/10\/Entrevista-radio-2048x1518.jpg 2048w, https:\/\/thepositivefashionclub.com\/wp-content\/uploads\/2023\/10\/Entrevista-radio-600x445.jpg 600w\" sizes=\"(max-width: 1024px) 100vw, 1024px\" \/><\/figure>\n","protected":false},"excerpt":{"rendered":"<p>La semana pasada nuestra colaboradora Gisela Villasevil Pau nos invit\u00f3 a participar en su programa de radio \u00abSostenibilitat amb Gisela\u00bb de R\u00e0dio Molins de Rei. Fue una charla muy interesante&#8230;<\/p>\n","protected":false},"author":2,"featured_media":2893,"comment_status":"closed","ping_status":"open","sticky":false,"template":"","format":"standard","meta":{"footnotes":""},"categories":[1],"tags":[46,47,43,45,44,48],"class_list":["post-2903","post","type-post","status-publish","format-standard","has-post-thumbnail","hentry","category-sin-categorizar","tag-actividades-sostenibilidad-para-primaria","tag-charlas-sostenibilidad-secundaria","tag-educacion-ambiental","tag-elclubdelamodapositiva","tag-moda-rapida","tag-talleres-educacion-ambiental"],"yoast_head":"<!-- This site is optimized with the Yoast SEO plugin v27.5 - https:\/\/yoast.com\/product\/yoast-seo-wordpress\/ -->\n<title>Entrevista a el Club de la Moda Positiva en Radio Molins de Rei<\/title>\n<meta name=\"description\" content=\"Fiorella y Sonja hablan sobre la importancia de la educaci\u00f3n en sostenibilidad de nuestra ropa, en el programa &quot;Sostenibilitat amb Gisela&quot;\" \/>\n<meta name=\"robots\" content=\"index, follow, max-snippet:-1, max-image-preview:large, max-video-preview:-1\" \/>\n<link rel=\"canonical\" href=\"https:\/\/thepositivefashionclub.com\/es\/entrevista-en-sostenibilitat-amb-gisela-en-radio-molins-de-rei-2\/\" \/>\n<meta property=\"og:locale\" content=\"es_ES\" \/>\n<meta property=\"og:type\" content=\"article\" \/>\n<meta property=\"og:title\" content=\"Entrevista a el Club de la Moda Positiva en Radio Molins de Rei\" \/>\n<meta property=\"og:description\" content=\"Fiorella y Sonja hablan sobre la importancia de la educaci\u00f3n en sostenibilidad de nuestra ropa, en el programa &quot;Sostenibilitat amb Gisela&quot;\" \/>\n<meta property=\"og:url\" content=\"https:\/\/thepositivefashionclub.com\/es\/entrevista-en-sostenibilitat-amb-gisela-en-radio-molins-de-rei-2\/\" \/>\n<meta property=\"og:site_name\" content=\"El Club de la Moda Positiva\" \/>\n<meta property=\"article:publisher\" content=\"https:\/\/www.facebook.com\/elclubdelamodapositiva\" \/>\n<meta property=\"article:published_time\" content=\"2023-10-23T11:01:22+00:00\" \/>\n<meta property=\"article:modified_time\" content=\"2024-05-16T16:39:07+00:00\" \/>\n<meta property=\"og:image\" content=\"https:\/\/thepositivefashionclub.com\/wp-content\/uploads\/2023\/10\/Entrevista-radio-scaled.jpg\" \/>\n\t<meta property=\"og:image:width\" content=\"2560\" \/>\n\t<meta property=\"og:image:height\" content=\"1898\" \/>\n\t<meta property=\"og:image:type\" content=\"image\/jpeg\" \/>\n<meta name=\"author\" content=\"Sonja\" \/>\n<meta name=\"twitter:card\" content=\"summary_large_image\" \/>\n<meta name=\"twitter:label1\" content=\"Escrito por\" \/>\n\t<meta name=\"twitter:data1\" content=\"Sonja\" \/>\n\t<meta name=\"twitter:label2\" content=\"Tiempo de lectura\" \/>\n\t<meta name=\"twitter:data2\" content=\"2 minutos\" \/>\n<script type=\"application\/ld+json\" class=\"yoast-schema-graph\">{\"@context\":\"https:\\\/\\\/schema.org\",\"@graph\":[{\"@type\":\"Article\",\"@id\":\"https:\\\/\\\/thepositivefashionclub.com\\\/es\\\/entrevista-en-sostenibilitat-amb-gisela-en-radio-molins-de-rei-2\\\/#article\",\"isPartOf\":{\"@id\":\"https:\\\/\\\/thepositivefashionclub.com\\\/es\\\/entrevista-en-sostenibilitat-amb-gisela-en-radio-molins-de-rei-2\\\/\"},\"author\":{\"name\":\"Sonja\",\"@id\":\"https:\\\/\\\/thepositivefashionclub.com\\\/es\\\/#\\\/schema\\\/person\\\/98742326319c605413b6692cbae02514\"},\"headline\":\"Entrevista en \u00abSostenibilitat amb Gisela\u00bb en R\u00e0dio Molins de Rei\",\"datePublished\":\"2023-10-23T11:01:22+00:00\",\"dateModified\":\"2024-05-16T16:39:07+00:00\",\"mainEntityOfPage\":{\"@id\":\"https:\\\/\\\/thepositivefashionclub.com\\\/es\\\/entrevista-en-sostenibilitat-amb-gisela-en-radio-molins-de-rei-2\\\/\"},\"wordCount\":233,\"publisher\":{\"@id\":\"https:\\\/\\\/thepositivefashionclub.com\\\/es\\\/#organization\"},\"image\":{\"@id\":\"https:\\\/\\\/thepositivefashionclub.com\\\/es\\\/entrevista-en-sostenibilitat-amb-gisela-en-radio-molins-de-rei-2\\\/#primaryimage\"},\"thumbnailUrl\":\"https:\\\/\\\/thepositivefashionclub.com\\\/wp-content\\\/uploads\\\/2023\\\/10\\\/Entrevista-radio-scaled.jpg\",\"keywords\":[\"actividades sostenibilidad para primaria\",\"charlas sostenibilidad secundaria\",\"educaci\u00f3n ambiental\",\"elclubdelamodapositiva\",\"moda r\u00e1pida\",\"talleres educaci\u00f3n ambiental\"],\"articleSection\":[\"Sin categorizar\"],\"inLanguage\":\"es\"},{\"@type\":\"WebPage\",\"@id\":\"https:\\\/\\\/thepositivefashionclub.com\\\/es\\\/entrevista-en-sostenibilitat-amb-gisela-en-radio-molins-de-rei-2\\\/\",\"url\":\"https:\\\/\\\/thepositivefashionclub.com\\\/es\\\/entrevista-en-sostenibilitat-amb-gisela-en-radio-molins-de-rei-2\\\/\",\"name\":\"Entrevista a el Club de la Moda Positiva en Radio Molins de Rei\",\"isPartOf\":{\"@id\":\"https:\\\/\\\/thepositivefashionclub.com\\\/es\\\/#website\"},\"primaryImageOfPage\":{\"@id\":\"https:\\\/\\\/thepositivefashionclub.com\\\/es\\\/entrevista-en-sostenibilitat-amb-gisela-en-radio-molins-de-rei-2\\\/#primaryimage\"},\"image\":{\"@id\":\"https:\\\/\\\/thepositivefashionclub.com\\\/es\\\/entrevista-en-sostenibilitat-amb-gisela-en-radio-molins-de-rei-2\\\/#primaryimage\"},\"thumbnailUrl\":\"https:\\\/\\\/thepositivefashionclub.com\\\/wp-content\\\/uploads\\\/2023\\\/10\\\/Entrevista-radio-scaled.jpg\",\"datePublished\":\"2023-10-23T11:01:22+00:00\",\"dateModified\":\"2024-05-16T16:39:07+00:00\",\"description\":\"Fiorella y Sonja hablan sobre la importancia de la educaci\u00f3n en sostenibilidad de nuestra ropa, en el programa \\\"Sostenibilitat amb Gisela\\\"\",\"breadcrumb\":{\"@id\":\"https:\\\/\\\/thepositivefashionclub.com\\\/es\\\/entrevista-en-sostenibilitat-amb-gisela-en-radio-molins-de-rei-2\\\/#breadcrumb\"},\"inLanguage\":\"es\",\"potentialAction\":[{\"@type\":\"ReadAction\",\"target\":[\"https:\\\/\\\/thepositivefashionclub.com\\\/es\\\/entrevista-en-sostenibilitat-amb-gisela-en-radio-molins-de-rei-2\\\/\"]}]},{\"@type\":\"ImageObject\",\"inLanguage\":\"es\",\"@id\":\"https:\\\/\\\/thepositivefashionclub.com\\\/es\\\/entrevista-en-sostenibilitat-amb-gisela-en-radio-molins-de-rei-2\\\/#primaryimage\",\"url\":\"https:\\\/\\\/thepositivefashionclub.com\\\/wp-content\\\/uploads\\\/2023\\\/10\\\/Entrevista-radio-scaled.jpg\",\"contentUrl\":\"https:\\\/\\\/thepositivefashionclub.com\\\/wp-content\\\/uploads\\\/2023\\\/10\\\/Entrevista-radio-scaled.jpg\",\"width\":2560,\"height\":1898},{\"@type\":\"BreadcrumbList\",\"@id\":\"https:\\\/\\\/thepositivefashionclub.com\\\/es\\\/entrevista-en-sostenibilitat-amb-gisela-en-radio-molins-de-rei-2\\\/#breadcrumb\",\"itemListElement\":[{\"@type\":\"ListItem\",\"position\":1,\"name\":\"Portada\",\"item\":\"https:\\\/\\\/thepositivefashionclub.com\\\/es\\\/\"},{\"@type\":\"ListItem\",\"position\":2,\"name\":\"Entrevista en &#8220;Sostenibilitat amb Gisela&#8221; en R\u00e0dio Molins de Rei\"}]},{\"@type\":\"WebSite\",\"@id\":\"https:\\\/\\\/thepositivefashionclub.com\\\/es\\\/#website\",\"url\":\"https:\\\/\\\/thepositivefashionclub.com\\\/es\\\/\",\"name\":\"El Club de la Moda Positiva\",\"description\":\"\",\"publisher\":{\"@id\":\"https:\\\/\\\/thepositivefashionclub.com\\\/es\\\/#organization\"},\"potentialAction\":[{\"@type\":\"SearchAction\",\"target\":{\"@type\":\"EntryPoint\",\"urlTemplate\":\"https:\\\/\\\/thepositivefashionclub.com\\\/es\\\/?s={search_term_string}\"},\"query-input\":{\"@type\":\"PropertyValueSpecification\",\"valueRequired\":true,\"valueName\":\"search_term_string\"}}],\"inLanguage\":\"es\"},{\"@type\":\"Organization\",\"@id\":\"https:\\\/\\\/thepositivefashionclub.com\\\/es\\\/#organization\",\"name\":\"El Club de la Moda Positiva\",\"url\":\"https:\\\/\\\/thepositivefashionclub.com\\\/es\\\/\",\"logo\":{\"@type\":\"ImageObject\",\"inLanguage\":\"es\",\"@id\":\"https:\\\/\\\/thepositivefashionclub.com\\\/es\\\/#\\\/schema\\\/logo\\\/image\\\/\",\"url\":\"https:\\\/\\\/thepositivefashionclub.com\\\/wp-content\\\/uploads\\\/2024\\\/10\\\/cropped-logo-PFC-e1730203443817.jpg\",\"contentUrl\":\"https:\\\/\\\/thepositivefashionclub.com\\\/wp-content\\\/uploads\\\/2024\\\/10\\\/cropped-logo-PFC-e1730203443817.jpg\",\"width\":300,\"height\":303,\"caption\":\"El Club de la Moda Positiva\"},\"image\":{\"@id\":\"https:\\\/\\\/thepositivefashionclub.com\\\/es\\\/#\\\/schema\\\/logo\\\/image\\\/\"},\"sameAs\":[\"https:\\\/\\\/www.facebook.com\\\/elclubdelamodapositiva\",\"https:\\\/\\\/www.instagram.com\\\/elclubdelamodapositiva\\\/\",\"https:\\\/\\\/www.linkedin.com\\\/company\\\/el-club-de-la-moda-positiva\\\/\",\"https:\\\/\\\/www.youtube.com\\\/@elclubdelamodapositiva7328\"]},{\"@type\":\"Person\",\"@id\":\"https:\\\/\\\/thepositivefashionclub.com\\\/es\\\/#\\\/schema\\\/person\\\/98742326319c605413b6692cbae02514\",\"name\":\"Sonja\",\"image\":{\"@type\":\"ImageObject\",\"inLanguage\":\"es\",\"@id\":\"https:\\\/\\\/secure.gravatar.com\\\/avatar\\\/5f2d6aace7899dfe93cf9ed454b66ee443e22a0bd7ce1d0366b2784aac508f97?s=96&d=mm&r=g\",\"url\":\"https:\\\/\\\/secure.gravatar.com\\\/avatar\\\/5f2d6aace7899dfe93cf9ed454b66ee443e22a0bd7ce1d0366b2784aac508f97?s=96&d=mm&r=g\",\"contentUrl\":\"https:\\\/\\\/secure.gravatar.com\\\/avatar\\\/5f2d6aace7899dfe93cf9ed454b66ee443e22a0bd7ce1d0366b2784aac508f97?s=96&d=mm&r=g\",\"caption\":\"Sonja\"},\"url\":\"https:\\\/\\\/thepositivefashionclub.com\\\/es\\\/author\\\/sonja\\\/\"}]}<\/script>\n<!-- \/ Yoast SEO plugin. -->","yoast_head_json":{"title":"Entrevista a el Club de la Moda Positiva en Radio Molins de Rei","description":"Fiorella y Sonja hablan sobre la importancia de la educaci\u00f3n en sostenibilidad de nuestra ropa, en el programa \"Sostenibilitat amb Gisela\"","robots":{"index":"index","follow":"follow","max-snippet":"max-snippet:-1","max-image-preview":"max-image-preview:large","max-video-preview":"max-video-preview:-1"},"canonical":"https:\/\/thepositivefashionclub.com\/es\/entrevista-en-sostenibilitat-amb-gisela-en-radio-molins-de-rei-2\/","og_locale":"es_ES","og_type":"article","og_title":"Entrevista a el Club de la Moda Positiva en Radio Molins de Rei","og_description":"Fiorella y Sonja hablan sobre la importancia de la educaci\u00f3n en sostenibilidad de nuestra ropa, en el programa \"Sostenibilitat amb Gisela\"","og_url":"https:\/\/thepositivefashionclub.com\/es\/entrevista-en-sostenibilitat-amb-gisela-en-radio-molins-de-rei-2\/","og_site_name":"El Club de la Moda Positiva","article_publisher":"https:\/\/www.facebook.com\/elclubdelamodapositiva","article_published_time":"2023-10-23T11:01:22+00:00","article_modified_time":"2024-05-16T16:39:07+00:00","og_image":[{"width":2560,"height":1898,"url":"https:\/\/thepositivefashionclub.com\/wp-content\/uploads\/2023\/10\/Entrevista-radio-scaled.jpg","type":"image\/jpeg"}],"author":"Sonja","twitter_card":"summary_large_image","twitter_misc":{"Escrito por":"Sonja","Tiempo de lectura":"2 minutos"},"schema":{"@context":"https:\/\/schema.org","@graph":[{"@type":"Article","@id":"https:\/\/thepositivefashionclub.com\/es\/entrevista-en-sostenibilitat-amb-gisela-en-radio-molins-de-rei-2\/#article","isPartOf":{"@id":"https:\/\/thepositivefashionclub.com\/es\/entrevista-en-sostenibilitat-amb-gisela-en-radio-molins-de-rei-2\/"},"author":{"name":"Sonja","@id":"https:\/\/thepositivefashionclub.com\/es\/#\/schema\/person\/98742326319c605413b6692cbae02514"},"headline":"Entrevista en \u00abSostenibilitat amb Gisela\u00bb en R\u00e0dio Molins de Rei","datePublished":"2023-10-23T11:01:22+00:00","dateModified":"2024-05-16T16:39:07+00:00","mainEntityOfPage":{"@id":"https:\/\/thepositivefashionclub.com\/es\/entrevista-en-sostenibilitat-amb-gisela-en-radio-molins-de-rei-2\/"},"wordCount":233,"publisher":{"@id":"https:\/\/thepositivefashionclub.com\/es\/#organization"},"image":{"@id":"https:\/\/thepositivefashionclub.com\/es\/entrevista-en-sostenibilitat-amb-gisela-en-radio-molins-de-rei-2\/#primaryimage"},"thumbnailUrl":"https:\/\/thepositivefashionclub.com\/wp-content\/uploads\/2023\/10\/Entrevista-radio-scaled.jpg","keywords":["actividades sostenibilidad para primaria","charlas sostenibilidad secundaria","educaci\u00f3n ambiental","elclubdelamodapositiva","moda r\u00e1pida","talleres educaci\u00f3n ambiental"],"articleSection":["Sin categorizar"],"inLanguage":"es"},{"@type":"WebPage","@id":"https:\/\/thepositivefashionclub.com\/es\/entrevista-en-sostenibilitat-amb-gisela-en-radio-molins-de-rei-2\/","url":"https:\/\/thepositivefashionclub.com\/es\/entrevista-en-sostenibilitat-amb-gisela-en-radio-molins-de-rei-2\/","name":"Entrevista a el Club de la Moda Positiva en Radio Molins de Rei","isPartOf":{"@id":"https:\/\/thepositivefashionclub.com\/es\/#website"},"primaryImageOfPage":{"@id":"https:\/\/thepositivefashionclub.com\/es\/entrevista-en-sostenibilitat-amb-gisela-en-radio-molins-de-rei-2\/#primaryimage"},"image":{"@id":"https:\/\/thepositivefashionclub.com\/es\/entrevista-en-sostenibilitat-amb-gisela-en-radio-molins-de-rei-2\/#primaryimage"},"thumbnailUrl":"https:\/\/thepositivefashionclub.com\/wp-content\/uploads\/2023\/10\/Entrevista-radio-scaled.jpg","datePublished":"2023-10-23T11:01:22+00:00","dateModified":"2024-05-16T16:39:07+00:00","description":"Fiorella y Sonja hablan sobre la importancia de la educaci\u00f3n en sostenibilidad de nuestra ropa, en el programa \"Sostenibilitat amb Gisela\"","breadcrumb":{"@id":"https:\/\/thepositivefashionclub.com\/es\/entrevista-en-sostenibilitat-amb-gisela-en-radio-molins-de-rei-2\/#breadcrumb"},"inLanguage":"es","potentialAction":[{"@type":"ReadAction","target":["https:\/\/thepositivefashionclub.com\/es\/entrevista-en-sostenibilitat-amb-gisela-en-radio-molins-de-rei-2\/"]}]},{"@type":"ImageObject","inLanguage":"es","@id":"https:\/\/thepositivefashionclub.com\/es\/entrevista-en-sostenibilitat-amb-gisela-en-radio-molins-de-rei-2\/#primaryimage","url":"https:\/\/thepositivefashionclub.com\/wp-content\/uploads\/2023\/10\/Entrevista-radio-scaled.jpg","contentUrl":"https:\/\/thepositivefashionclub.com\/wp-content\/uploads\/2023\/10\/Entrevista-radio-scaled.jpg","width":2560,"height":1898},{"@type":"BreadcrumbList","@id":"https:\/\/thepositivefashionclub.com\/es\/entrevista-en-sostenibilitat-amb-gisela-en-radio-molins-de-rei-2\/#breadcrumb","itemListElement":[{"@type":"ListItem","position":1,"name":"Portada","item":"https:\/\/thepositivefashionclub.com\/es\/"},{"@type":"ListItem","position":2,"name":"Entrevista en &#8220;Sostenibilitat amb Gisela&#8221; en R\u00e0dio Molins de Rei"}]},{"@type":"WebSite","@id":"https:\/\/thepositivefashionclub.com\/es\/#website","url":"https:\/\/thepositivefashionclub.com\/es\/","name":"El Club de la Moda Positiva","description":"","publisher":{"@id":"https:\/\/thepositivefashionclub.com\/es\/#organization"},"potentialAction":[{"@type":"SearchAction","target":{"@type":"EntryPoint","urlTemplate":"https:\/\/thepositivefashionclub.com\/es\/?s={search_term_string}"},"query-input":{"@type":"PropertyValueSpecification","valueRequired":true,"valueName":"search_term_string"}}],"inLanguage":"es"},{"@type":"Organization","@id":"https:\/\/thepositivefashionclub.com\/es\/#organization","name":"El Club de la Moda Positiva","url":"https:\/\/thepositivefashionclub.com\/es\/","logo":{"@type":"ImageObject","inLanguage":"es","@id":"https:\/\/thepositivefashionclub.com\/es\/#\/schema\/logo\/image\/","url":"https:\/\/thepositivefashionclub.com\/wp-content\/uploads\/2024\/10\/cropped-logo-PFC-e1730203443817.jpg","contentUrl":"https:\/\/thepositivefashionclub.com\/wp-content\/uploads\/2024\/10\/cropped-logo-PFC-e1730203443817.jpg","width":300,"height":303,"caption":"El Club de la Moda Positiva"},"image":{"@id":"https:\/\/thepositivefashionclub.com\/es\/#\/schema\/logo\/image\/"},"sameAs":["https:\/\/www.facebook.com\/elclubdelamodapositiva","https:\/\/www.instagram.com\/elclubdelamodapositiva\/","https:\/\/www.linkedin.com\/company\/el-club-de-la-moda-positiva\/","https:\/\/www.youtube.com\/@elclubdelamodapositiva7328"]},{"@type":"Person","@id":"https:\/\/thepositivefashionclub.com\/es\/#\/schema\/person\/98742326319c605413b6692cbae02514","name":"Sonja","image":{"@type":"ImageObject","inLanguage":"es","@id":"https:\/\/secure.gravatar.com\/avatar\/5f2d6aace7899dfe93cf9ed454b66ee443e22a0bd7ce1d0366b2784aac508f97?s=96&d=mm&r=g","url":"https:\/\/secure.gravatar.com\/avatar\/5f2d6aace7899dfe93cf9ed454b66ee443e22a0bd7ce1d0366b2784aac508f97?s=96&d=mm&r=g","contentUrl":"https:\/\/secure.gravatar.com\/avatar\/5f2d6aace7899dfe93cf9ed454b66ee443e22a0bd7ce1d0366b2784aac508f97?s=96&d=mm&r=g","caption":"Sonja"},"url":"https:\/\/thepositivefashionclub.com\/es\/author\/sonja\/"}]}},"_links":{"self":[{"href":"https:\/\/thepositivefashionclub.com\/es\/wp-json\/wp\/v2\/posts\/2903","targetHints":{"allow":["GET"]}}],"collection":[{"href":"https:\/\/thepositivefashionclub.com\/es\/wp-json\/wp\/v2\/posts"}],"about":[{"href":"https:\/\/thepositivefashionclub.com\/es\/wp-json\/wp\/v2\/types\/post"}],"author":[{"embeddable":true,"href":"https:\/\/thepositivefashionclub.com\/es\/wp-json\/wp\/v2\/users\/2"}],"replies":[{"embeddable":true,"href":"https:\/\/thepositivefashionclub.com\/es\/wp-json\/wp\/v2\/comments?post=2903"}],"version-history":[{"count":5,"href":"https:\/\/thepositivefashionclub.com\/es\/wp-json\/wp\/v2\/posts\/2903\/revisions"}],"predecessor-version":[{"id":3775,"href":"https:\/\/thepositivefashionclub.com\/es\/wp-json\/wp\/v2\/posts\/2903\/revisions\/3775"}],"wp:featuredmedia":[{"embeddable":true,"href":"https:\/\/thepositivefashionclub.com\/es\/wp-json\/wp\/v2\/media\/2893"}],"wp:attachment":[{"href":"https:\/\/thepositivefashionclub.com\/es\/wp-json\/wp\/v2\/media?parent=2903"}],"wp:term":[{"taxonomy":"category","embeddable":true,"href":"https:\/\/thepositivefashionclub.com\/es\/wp-json\/wp\/v2\/categories?post=2903"},{"taxonomy":"post_tag","embeddable":true,"href":"https:\/\/thepositivefashionclub.com\/es\/wp-json\/wp\/v2\/tags?post=2903"}],"curies":[{"name":"wp","href":"https:\/\/api.w.org\/{rel}","templated":true}]}}