{"id":2956,"date":"2023-11-21T09:24:42","date_gmt":"2023-11-21T09:24:42","guid":{"rendered":"https:\/\/thepositivefashionclub.com\/?p=2956"},"modified":"2024-04-22T14:24:00","modified_gmt":"2024-04-22T14:24:00","slug":"transformemos-el-viernes-del-black-al-green-para-nuestro-planeta","status":"publish","type":"post","link":"https:\/\/thepositivefashionclub.com\/es\/transformemos-el-viernes-del-black-al-green-para-nuestro-planeta\/","title":{"rendered":"\u00a1Transformemos el Viernes del \u00abBlack\u00bb al \u00abGreen\u00bb para Nuestro Planeta!"},"content":{"rendered":"\n<h2 class=\"wp-block-heading\"><strong>El Black Friday, convertido en una locura de dos semanas de intenso consumismo<\/strong><\/h2>\n\n\n\n<p>El Black Friday, o \u00abviernes negro\u00bb, inicialmente concebido como un d\u00eda de descuentos, ha evolucionado hacia casi dos semanas de intenso consumismo con ofertas tentadoras que incitan a compras impulsivas. Este d\u00eda resulta extremadamente perjudicial para nuestro medio ambiente, siendo verdaderamente <strong>\u00abnegro\u00bb<\/strong> en ese sentido, con la moda desempe\u00f1ando un gran protagonismo al representar una significativa proporci\u00f3n de las ventas (53% de ropa y 39% de accesorios) del total de art\u00edculos vendidos durante estas fechas.<\/p>\n\n\n\n<p>El impacto medioambiental es nefasto: la aceleraci\u00f3n de la producci\u00f3n implica un aumento considerable en el consumo de materias primas, agua, energ\u00eda, emisiones de CO2 y otros gases de efecto invernadero. Adem\u00e1s, esta vor\u00e1gine comercial intensifica la eliminaci\u00f3n de art\u00edculos, contribuyendo al aumento de residuos que terminan contaminando el aire, el agua y el suelo al ser depositados en vertederos e incineradoras.<\/p>\n\n\n\n<p>Por ello, en El Club de la Moda Positiva, buscamos transformar estas fechas de <strong>NEGRAS<\/strong> a <strong>VERDES<\/strong> y te instamos a no permanecer indiferente, sino a reinventar tus pr\u00e1cticas de consumo. La premisa principal es <strong>COMPRAR S\u00d3LO SI LO NECESITAS<\/strong>. Al tener esto presente, ya est\u00e1s comenzando con buen pie, sin embargo, si ya tienes claro que necesitas algo, considera estas opciones:<\/p>\n\n\n\n<p><strong>El intercambio<\/strong>: Puedes probarlo en peque\u00f1os grupos con amigos o familia, o sumarte a eventos m\u00e1s amplios. \u00a1Dale una oportunidad a esta forma de econom\u00eda, no tienes nada que perder y podr\u00edas descubrir un nuevo y sustentable modo de consumo!<\/p>\n\n\n\n<p><strong>Segunda Vida: <\/strong>Explora tambi\u00e9n las tiendas de segunda mano, d\u00e9jate llevar por nuevos colores o estampados y encuentra aut\u00e9nticos tesoros. \u00a1Recuerda que no hay prenda m\u00e1s sostenible que la que ya existe!<\/p>\n\n\n\n<p><strong>KM0<\/strong>: Si buscas algo nuevo, opta por productos locales. Al comprar productos producidos cerca de ti, est\u00e1s apoyando a tu barrio, ciudad y pa\u00eds. \u00a1Recuerda que cada compra es un voto a favor de pr\u00e1cticas m\u00e1s sostenibles!<\/p>\n\n\n\n<p>Adem\u00e1s de esto, convertirse en consumidor responsable requiere meterle cabeza, <strong>estar informado<\/strong>, analizar&#8230; con esto podr\u00e1s elegir mejor la ropa. Pregunt\u00e9monos:<\/p>\n\n\n\n<p><strong>\u00bfDE QU\u00c9 EST\u00c1 HECHO?<\/strong> Considera el uso que le dar\u00e1s al art\u00edculo y elige el material adecuado. Para art\u00edculos de uso ocasional, opta por opciones <strong>biodegradables<\/strong>, mientras que para art\u00edculos que requieran dureza y durabilidad (como una chaqueta de ski), elige materiales resistentes, pero evita colores o estampados de tendencia, ya que esta prenda durar\u00e1 mucho tiempo.<\/p>\n\n\n\n<p><strong>\u00bfQU\u00c9 NECESITO?<\/strong>&nbsp;Suena l\u00f3gico pero a veces obviamos esta pregunta. \u00a1Estamos acostumbrados a comprar de m\u00e1s! Tanto en esta temporada como a trav\u00e9s de todo el a\u00f1o, es esencial reducir nuestras compras, fomentando la reutilizaci\u00f3n, reparaci\u00f3n e intercambio para mitigar el impacto ambiental de nuestras acciones.<\/p>\n\n\n\n<p>Finalmente, te invitamos a <strong>organizar<\/strong> tu armario antes de tomar cualquier decisi\u00f3n. Conocer lo que ya tienes te permitir\u00e1 saber qu\u00e9 te hace falta y tener la claridad necesaria para que tus compras tengan un prop\u00f3sito significativo. Descarga nuestra divertida gu\u00eda <a href=\"https:\/\/thepositivefashionclub.com\/producto\/guia-para-limpiar-tu-armario\/\">aqu\u00ed<\/a>.<\/p>\n\n\n\n<p>Imagen: Pexels Liza Summer<\/p>\n","protected":false},"excerpt":{"rendered":"<p>El Black Friday, o \u00abviernes negro\u00bb, inicialmente concebido como un d\u00eda de descuentos, ha evolucionado hacia casi dos semanas de intenso consumismo con ofertas tentadoras que incitan a compras impulsivas.<\/p>\n","protected":false},"author":2,"featured_media":2957,"comment_status":"closed","ping_status":"open","sticky":false,"template":"","format":"standard","meta":{"footnotes":""},"categories":[1],"tags":[46,49,47,50,52,53,43,45,54,55,56,44,48],"class_list":["post-2956","post","type-post","status-publish","format-standard","has-post-thumbnail","hentry","category-sin-categorizar","tag-actividades-sostenibilidad-para-primaria","tag-balck-friday","tag-charlas-sostenibilidad-secundaria","tag-compras-innecesarias","tag-contacminacion","tag-contaminacion","tag-educacion-ambiental","tag-elclubdelamodapositiva","tag-green-friday","tag-intercambio-de-ropa","tag-km0","tag-moda-rapida","tag-talleres-educacion-ambiental"],"yoast_head":"<!-- This site is optimized with the Yoast SEO plugin v27.5 - https:\/\/yoast.com\/product\/yoast-seo-wordpress\/ -->\n<title>\u00a1Transformemos el Viernes del &quot;Black&quot; al &quot;Green&quot; para Nuestro Planeta!<\/title>\n<meta name=\"description\" content=\"El Black Friday, o &quot;viernes negro&quot;, inicialmente concebido como un d\u00eda de descuentos, ha evolucionado hacia casi dos semanas de intenso consumismo con ofertas tentadoras que incitan a compras impulsivas.\" \/>\n<meta name=\"robots\" content=\"index, follow, max-snippet:-1, max-image-preview:large, max-video-preview:-1\" \/>\n<link rel=\"canonical\" href=\"https:\/\/thepositivefashionclub.com\/es\/transformemos-el-viernes-del-black-al-green-para-nuestro-planeta\/\" \/>\n<meta property=\"og:locale\" content=\"es_ES\" \/>\n<meta property=\"og:type\" content=\"article\" \/>\n<meta property=\"og:title\" content=\"\u00a1Transformemos el Viernes del &quot;Black&quot; al &quot;Green&quot; para Nuestro Planeta!\" \/>\n<meta property=\"og:description\" content=\"El Black Friday, o &quot;viernes negro&quot;, inicialmente concebido como un d\u00eda de descuentos, ha evolucionado hacia casi dos semanas de intenso consumismo con ofertas tentadoras que incitan a compras impulsivas.\" \/>\n<meta property=\"og:url\" content=\"https:\/\/thepositivefashionclub.com\/es\/transformemos-el-viernes-del-black-al-green-para-nuestro-planeta\/\" \/>\n<meta property=\"og:site_name\" content=\"El Club de la Moda Positiva\" \/>\n<meta property=\"article:publisher\" content=\"https:\/\/www.facebook.com\/elclubdelamodapositiva\" \/>\n<meta property=\"article:published_time\" content=\"2023-11-21T09:24:42+00:00\" \/>\n<meta property=\"article:modified_time\" content=\"2024-04-22T14:24:00+00:00\" \/>\n<meta property=\"og:image\" content=\"https:\/\/thepositivefashionclub.com\/wp-content\/uploads\/2023\/11\/pexels-photo-6347520.jpeg\" \/>\n\t<meta property=\"og:image:width\" content=\"2250\" \/>\n\t<meta property=\"og:image:height\" content=\"1500\" \/>\n\t<meta property=\"og:image:type\" content=\"image\/jpeg\" \/>\n<meta name=\"author\" content=\"Sonja\" \/>\n<meta name=\"twitter:card\" content=\"summary_large_image\" \/>\n<meta name=\"twitter:label1\" content=\"Escrito por\" \/>\n\t<meta name=\"twitter:data1\" content=\"Sonja\" \/>\n\t<meta name=\"twitter:label2\" content=\"Tiempo de lectura\" \/>\n\t<meta name=\"twitter:data2\" content=\"3 minutos\" \/>\n<script type=\"application\/ld+json\" class=\"yoast-schema-graph\">{\"@context\":\"https:\\\/\\\/schema.org\",\"@graph\":[{\"@type\":\"Article\",\"@id\":\"https:\\\/\\\/thepositivefashionclub.com\\\/es\\\/transformemos-el-viernes-del-black-al-green-para-nuestro-planeta\\\/#article\",\"isPartOf\":{\"@id\":\"https:\\\/\\\/thepositivefashionclub.com\\\/es\\\/transformemos-el-viernes-del-black-al-green-para-nuestro-planeta\\\/\"},\"author\":{\"name\":\"Sonja\",\"@id\":\"https:\\\/\\\/thepositivefashionclub.com\\\/es\\\/#\\\/schema\\\/person\\\/98742326319c605413b6692cbae02514\"},\"headline\":\"\u00a1Transformemos el Viernes del \u00abBlack\u00bb al \u00abGreen\u00bb para Nuestro Planeta!\",\"datePublished\":\"2023-11-21T09:24:42+00:00\",\"dateModified\":\"2024-04-22T14:24:00+00:00\",\"mainEntityOfPage\":{\"@id\":\"https:\\\/\\\/thepositivefashionclub.com\\\/es\\\/transformemos-el-viernes-del-black-al-green-para-nuestro-planeta\\\/\"},\"wordCount\":543,\"publisher\":{\"@id\":\"https:\\\/\\\/thepositivefashionclub.com\\\/es\\\/#organization\"},\"image\":{\"@id\":\"https:\\\/\\\/thepositivefashionclub.com\\\/es\\\/transformemos-el-viernes-del-black-al-green-para-nuestro-planeta\\\/#primaryimage\"},\"thumbnailUrl\":\"https:\\\/\\\/thepositivefashionclub.com\\\/wp-content\\\/uploads\\\/2023\\\/11\\\/pexels-photo-6347520.jpeg\",\"keywords\":[\"actividades sostenibilidad para primaria\",\"balck friday\",\"charlas sostenibilidad secundaria\",\"compras innecesarias\",\"contacminacion\",\"contaminaci\u00f3n\",\"educaci\u00f3n ambiental\",\"elclubdelamodapositiva\",\"green friday\",\"intercambio de ropa\",\"KM0\",\"moda r\u00e1pida\",\"talleres educaci\u00f3n ambiental\"],\"articleSection\":[\"Sin categorizar\"],\"inLanguage\":\"es\"},{\"@type\":\"WebPage\",\"@id\":\"https:\\\/\\\/thepositivefashionclub.com\\\/es\\\/transformemos-el-viernes-del-black-al-green-para-nuestro-planeta\\\/\",\"url\":\"https:\\\/\\\/thepositivefashionclub.com\\\/es\\\/transformemos-el-viernes-del-black-al-green-para-nuestro-planeta\\\/\",\"name\":\"\u00a1Transformemos el Viernes del \\\"Black\\\" al \\\"Green\\\" para Nuestro Planeta!\",\"isPartOf\":{\"@id\":\"https:\\\/\\\/thepositivefashionclub.com\\\/es\\\/#website\"},\"primaryImageOfPage\":{\"@id\":\"https:\\\/\\\/thepositivefashionclub.com\\\/es\\\/transformemos-el-viernes-del-black-al-green-para-nuestro-planeta\\\/#primaryimage\"},\"image\":{\"@id\":\"https:\\\/\\\/thepositivefashionclub.com\\\/es\\\/transformemos-el-viernes-del-black-al-green-para-nuestro-planeta\\\/#primaryimage\"},\"thumbnailUrl\":\"https:\\\/\\\/thepositivefashionclub.com\\\/wp-content\\\/uploads\\\/2023\\\/11\\\/pexels-photo-6347520.jpeg\",\"datePublished\":\"2023-11-21T09:24:42+00:00\",\"dateModified\":\"2024-04-22T14:24:00+00:00\",\"description\":\"El Black Friday, o \\\"viernes negro\\\", inicialmente concebido como un d\u00eda de descuentos, ha evolucionado hacia casi dos semanas de intenso consumismo con ofertas tentadoras que incitan a compras impulsivas.\",\"breadcrumb\":{\"@id\":\"https:\\\/\\\/thepositivefashionclub.com\\\/es\\\/transformemos-el-viernes-del-black-al-green-para-nuestro-planeta\\\/#breadcrumb\"},\"inLanguage\":\"es\",\"potentialAction\":[{\"@type\":\"ReadAction\",\"target\":[\"https:\\\/\\\/thepositivefashionclub.com\\\/es\\\/transformemos-el-viernes-del-black-al-green-para-nuestro-planeta\\\/\"]}]},{\"@type\":\"ImageObject\",\"inLanguage\":\"es\",\"@id\":\"https:\\\/\\\/thepositivefashionclub.com\\\/es\\\/transformemos-el-viernes-del-black-al-green-para-nuestro-planeta\\\/#primaryimage\",\"url\":\"https:\\\/\\\/thepositivefashionclub.com\\\/wp-content\\\/uploads\\\/2023\\\/11\\\/pexels-photo-6347520.jpeg\",\"contentUrl\":\"https:\\\/\\\/thepositivefashionclub.com\\\/wp-content\\\/uploads\\\/2023\\\/11\\\/pexels-photo-6347520.jpeg\",\"width\":2250,\"height\":1500},{\"@type\":\"BreadcrumbList\",\"@id\":\"https:\\\/\\\/thepositivefashionclub.com\\\/es\\\/transformemos-el-viernes-del-black-al-green-para-nuestro-planeta\\\/#breadcrumb\",\"itemListElement\":[{\"@type\":\"ListItem\",\"position\":1,\"name\":\"Portada\",\"item\":\"https:\\\/\\\/thepositivefashionclub.com\\\/es\\\/\"},{\"@type\":\"ListItem\",\"position\":2,\"name\":\"\u00a1Transformemos el Viernes del \u00abBlack\u00bb al \u00abGreen\u00bb para Nuestro Planeta!\"}]},{\"@type\":\"WebSite\",\"@id\":\"https:\\\/\\\/thepositivefashionclub.com\\\/es\\\/#website\",\"url\":\"https:\\\/\\\/thepositivefashionclub.com\\\/es\\\/\",\"name\":\"El Club de la Moda Positiva\",\"description\":\"\",\"publisher\":{\"@id\":\"https:\\\/\\\/thepositivefashionclub.com\\\/es\\\/#organization\"},\"potentialAction\":[{\"@type\":\"SearchAction\",\"target\":{\"@type\":\"EntryPoint\",\"urlTemplate\":\"https:\\\/\\\/thepositivefashionclub.com\\\/es\\\/?s={search_term_string}\"},\"query-input\":{\"@type\":\"PropertyValueSpecification\",\"valueRequired\":true,\"valueName\":\"search_term_string\"}}],\"inLanguage\":\"es\"},{\"@type\":\"Organization\",\"@id\":\"https:\\\/\\\/thepositivefashionclub.com\\\/es\\\/#organization\",\"name\":\"El Club de la Moda Positiva\",\"url\":\"https:\\\/\\\/thepositivefashionclub.com\\\/es\\\/\",\"logo\":{\"@type\":\"ImageObject\",\"inLanguage\":\"es\",\"@id\":\"https:\\\/\\\/thepositivefashionclub.com\\\/es\\\/#\\\/schema\\\/logo\\\/image\\\/\",\"url\":\"https:\\\/\\\/thepositivefashionclub.com\\\/wp-content\\\/uploads\\\/2024\\\/10\\\/cropped-logo-PFC-e1730203443817.jpg\",\"contentUrl\":\"https:\\\/\\\/thepositivefashionclub.com\\\/wp-content\\\/uploads\\\/2024\\\/10\\\/cropped-logo-PFC-e1730203443817.jpg\",\"width\":300,\"height\":303,\"caption\":\"El Club de la Moda Positiva\"},\"image\":{\"@id\":\"https:\\\/\\\/thepositivefashionclub.com\\\/es\\\/#\\\/schema\\\/logo\\\/image\\\/\"},\"sameAs\":[\"https:\\\/\\\/www.facebook.com\\\/elclubdelamodapositiva\",\"https:\\\/\\\/www.instagram.com\\\/elclubdelamodapositiva\\\/\",\"https:\\\/\\\/www.linkedin.com\\\/company\\\/el-club-de-la-moda-positiva\\\/\",\"https:\\\/\\\/www.youtube.com\\\/@elclubdelamodapositiva7328\"]},{\"@type\":\"Person\",\"@id\":\"https:\\\/\\\/thepositivefashionclub.com\\\/es\\\/#\\\/schema\\\/person\\\/98742326319c605413b6692cbae02514\",\"name\":\"Sonja\",\"image\":{\"@type\":\"ImageObject\",\"inLanguage\":\"es\",\"@id\":\"https:\\\/\\\/secure.gravatar.com\\\/avatar\\\/5f2d6aace7899dfe93cf9ed454b66ee443e22a0bd7ce1d0366b2784aac508f97?s=96&d=mm&r=g\",\"url\":\"https:\\\/\\\/secure.gravatar.com\\\/avatar\\\/5f2d6aace7899dfe93cf9ed454b66ee443e22a0bd7ce1d0366b2784aac508f97?s=96&d=mm&r=g\",\"contentUrl\":\"https:\\\/\\\/secure.gravatar.com\\\/avatar\\\/5f2d6aace7899dfe93cf9ed454b66ee443e22a0bd7ce1d0366b2784aac508f97?s=96&d=mm&r=g\",\"caption\":\"Sonja\"},\"url\":\"https:\\\/\\\/thepositivefashionclub.com\\\/es\\\/author\\\/sonja\\\/\"}]}<\/script>\n<!-- \/ Yoast SEO plugin. -->","yoast_head_json":{"title":"\u00a1Transformemos el Viernes del \"Black\" al \"Green\" para Nuestro Planeta!","description":"El Black Friday, o \"viernes negro\", inicialmente concebido como un d\u00eda de descuentos, ha evolucionado hacia casi dos semanas de intenso consumismo con ofertas tentadoras que incitan a compras impulsivas.","robots":{"index":"index","follow":"follow","max-snippet":"max-snippet:-1","max-image-preview":"max-image-preview:large","max-video-preview":"max-video-preview:-1"},"canonical":"https:\/\/thepositivefashionclub.com\/es\/transformemos-el-viernes-del-black-al-green-para-nuestro-planeta\/","og_locale":"es_ES","og_type":"article","og_title":"\u00a1Transformemos el Viernes del \"Black\" al \"Green\" para Nuestro Planeta!","og_description":"El Black Friday, o \"viernes negro\", inicialmente concebido como un d\u00eda de descuentos, ha evolucionado hacia casi dos semanas de intenso consumismo con ofertas tentadoras que incitan a compras impulsivas.","og_url":"https:\/\/thepositivefashionclub.com\/es\/transformemos-el-viernes-del-black-al-green-para-nuestro-planeta\/","og_site_name":"El Club de la Moda Positiva","article_publisher":"https:\/\/www.facebook.com\/elclubdelamodapositiva","article_published_time":"2023-11-21T09:24:42+00:00","article_modified_time":"2024-04-22T14:24:00+00:00","og_image":[{"width":2250,"height":1500,"url":"https:\/\/thepositivefashionclub.com\/wp-content\/uploads\/2023\/11\/pexels-photo-6347520.jpeg","type":"image\/jpeg"}],"author":"Sonja","twitter_card":"summary_large_image","twitter_misc":{"Escrito por":"Sonja","Tiempo de lectura":"3 minutos"},"schema":{"@context":"https:\/\/schema.org","@graph":[{"@type":"Article","@id":"https:\/\/thepositivefashionclub.com\/es\/transformemos-el-viernes-del-black-al-green-para-nuestro-planeta\/#article","isPartOf":{"@id":"https:\/\/thepositivefashionclub.com\/es\/transformemos-el-viernes-del-black-al-green-para-nuestro-planeta\/"},"author":{"name":"Sonja","@id":"https:\/\/thepositivefashionclub.com\/es\/#\/schema\/person\/98742326319c605413b6692cbae02514"},"headline":"\u00a1Transformemos el Viernes del \u00abBlack\u00bb al \u00abGreen\u00bb para Nuestro Planeta!","datePublished":"2023-11-21T09:24:42+00:00","dateModified":"2024-04-22T14:24:00+00:00","mainEntityOfPage":{"@id":"https:\/\/thepositivefashionclub.com\/es\/transformemos-el-viernes-del-black-al-green-para-nuestro-planeta\/"},"wordCount":543,"publisher":{"@id":"https:\/\/thepositivefashionclub.com\/es\/#organization"},"image":{"@id":"https:\/\/thepositivefashionclub.com\/es\/transformemos-el-viernes-del-black-al-green-para-nuestro-planeta\/#primaryimage"},"thumbnailUrl":"https:\/\/thepositivefashionclub.com\/wp-content\/uploads\/2023\/11\/pexels-photo-6347520.jpeg","keywords":["actividades sostenibilidad para primaria","balck friday","charlas sostenibilidad secundaria","compras innecesarias","contacminacion","contaminaci\u00f3n","educaci\u00f3n ambiental","elclubdelamodapositiva","green friday","intercambio de ropa","KM0","moda r\u00e1pida","talleres educaci\u00f3n ambiental"],"articleSection":["Sin categorizar"],"inLanguage":"es"},{"@type":"WebPage","@id":"https:\/\/thepositivefashionclub.com\/es\/transformemos-el-viernes-del-black-al-green-para-nuestro-planeta\/","url":"https:\/\/thepositivefashionclub.com\/es\/transformemos-el-viernes-del-black-al-green-para-nuestro-planeta\/","name":"\u00a1Transformemos el Viernes del \"Black\" al \"Green\" para Nuestro Planeta!","isPartOf":{"@id":"https:\/\/thepositivefashionclub.com\/es\/#website"},"primaryImageOfPage":{"@id":"https:\/\/thepositivefashionclub.com\/es\/transformemos-el-viernes-del-black-al-green-para-nuestro-planeta\/#primaryimage"},"image":{"@id":"https:\/\/thepositivefashionclub.com\/es\/transformemos-el-viernes-del-black-al-green-para-nuestro-planeta\/#primaryimage"},"thumbnailUrl":"https:\/\/thepositivefashionclub.com\/wp-content\/uploads\/2023\/11\/pexels-photo-6347520.jpeg","datePublished":"2023-11-21T09:24:42+00:00","dateModified":"2024-04-22T14:24:00+00:00","description":"El Black Friday, o \"viernes negro\", inicialmente concebido como un d\u00eda de descuentos, ha evolucionado hacia casi dos semanas de intenso consumismo con ofertas tentadoras que incitan a compras impulsivas.","breadcrumb":{"@id":"https:\/\/thepositivefashionclub.com\/es\/transformemos-el-viernes-del-black-al-green-para-nuestro-planeta\/#breadcrumb"},"inLanguage":"es","potentialAction":[{"@type":"ReadAction","target":["https:\/\/thepositivefashionclub.com\/es\/transformemos-el-viernes-del-black-al-green-para-nuestro-planeta\/"]}]},{"@type":"ImageObject","inLanguage":"es","@id":"https:\/\/thepositivefashionclub.com\/es\/transformemos-el-viernes-del-black-al-green-para-nuestro-planeta\/#primaryimage","url":"https:\/\/thepositivefashionclub.com\/wp-content\/uploads\/2023\/11\/pexels-photo-6347520.jpeg","contentUrl":"https:\/\/thepositivefashionclub.com\/wp-content\/uploads\/2023\/11\/pexels-photo-6347520.jpeg","width":2250,"height":1500},{"@type":"BreadcrumbList","@id":"https:\/\/thepositivefashionclub.com\/es\/transformemos-el-viernes-del-black-al-green-para-nuestro-planeta\/#breadcrumb","itemListElement":[{"@type":"ListItem","position":1,"name":"Portada","item":"https:\/\/thepositivefashionclub.com\/es\/"},{"@type":"ListItem","position":2,"name":"\u00a1Transformemos el Viernes del \u00abBlack\u00bb al \u00abGreen\u00bb para Nuestro Planeta!"}]},{"@type":"WebSite","@id":"https:\/\/thepositivefashionclub.com\/es\/#website","url":"https:\/\/thepositivefashionclub.com\/es\/","name":"El Club de la Moda Positiva","description":"","publisher":{"@id":"https:\/\/thepositivefashionclub.com\/es\/#organization"},"potentialAction":[{"@type":"SearchAction","target":{"@type":"EntryPoint","urlTemplate":"https:\/\/thepositivefashionclub.com\/es\/?s={search_term_string}"},"query-input":{"@type":"PropertyValueSpecification","valueRequired":true,"valueName":"search_term_string"}}],"inLanguage":"es"},{"@type":"Organization","@id":"https:\/\/thepositivefashionclub.com\/es\/#organization","name":"El Club de la Moda Positiva","url":"https:\/\/thepositivefashionclub.com\/es\/","logo":{"@type":"ImageObject","inLanguage":"es","@id":"https:\/\/thepositivefashionclub.com\/es\/#\/schema\/logo\/image\/","url":"https:\/\/thepositivefashionclub.com\/wp-content\/uploads\/2024\/10\/cropped-logo-PFC-e1730203443817.jpg","contentUrl":"https:\/\/thepositivefashionclub.com\/wp-content\/uploads\/2024\/10\/cropped-logo-PFC-e1730203443817.jpg","width":300,"height":303,"caption":"El Club de la Moda Positiva"},"image":{"@id":"https:\/\/thepositivefashionclub.com\/es\/#\/schema\/logo\/image\/"},"sameAs":["https:\/\/www.facebook.com\/elclubdelamodapositiva","https:\/\/www.instagram.com\/elclubdelamodapositiva\/","https:\/\/www.linkedin.com\/company\/el-club-de-la-moda-positiva\/","https:\/\/www.youtube.com\/@elclubdelamodapositiva7328"]},{"@type":"Person","@id":"https:\/\/thepositivefashionclub.com\/es\/#\/schema\/person\/98742326319c605413b6692cbae02514","name":"Sonja","image":{"@type":"ImageObject","inLanguage":"es","@id":"https:\/\/secure.gravatar.com\/avatar\/5f2d6aace7899dfe93cf9ed454b66ee443e22a0bd7ce1d0366b2784aac508f97?s=96&d=mm&r=g","url":"https:\/\/secure.gravatar.com\/avatar\/5f2d6aace7899dfe93cf9ed454b66ee443e22a0bd7ce1d0366b2784aac508f97?s=96&d=mm&r=g","contentUrl":"https:\/\/secure.gravatar.com\/avatar\/5f2d6aace7899dfe93cf9ed454b66ee443e22a0bd7ce1d0366b2784aac508f97?s=96&d=mm&r=g","caption":"Sonja"},"url":"https:\/\/thepositivefashionclub.com\/es\/author\/sonja\/"}]}},"_links":{"self":[{"href":"https:\/\/thepositivefashionclub.com\/es\/wp-json\/wp\/v2\/posts\/2956","targetHints":{"allow":["GET"]}}],"collection":[{"href":"https:\/\/thepositivefashionclub.com\/es\/wp-json\/wp\/v2\/posts"}],"about":[{"href":"https:\/\/thepositivefashionclub.com\/es\/wp-json\/wp\/v2\/types\/post"}],"author":[{"embeddable":true,"href":"https:\/\/thepositivefashionclub.com\/es\/wp-json\/wp\/v2\/users\/2"}],"replies":[{"embeddable":true,"href":"https:\/\/thepositivefashionclub.com\/es\/wp-json\/wp\/v2\/comments?post=2956"}],"version-history":[{"count":4,"href":"https:\/\/thepositivefashionclub.com\/es\/wp-json\/wp\/v2\/posts\/2956\/revisions"}],"predecessor-version":[{"id":2965,"href":"https:\/\/thepositivefashionclub.com\/es\/wp-json\/wp\/v2\/posts\/2956\/revisions\/2965"}],"wp:featuredmedia":[{"embeddable":true,"href":"https:\/\/thepositivefashionclub.com\/es\/wp-json\/wp\/v2\/media\/2957"}],"wp:attachment":[{"href":"https:\/\/thepositivefashionclub.com\/es\/wp-json\/wp\/v2\/media?parent=2956"}],"wp:term":[{"taxonomy":"category","embeddable":true,"href":"https:\/\/thepositivefashionclub.com\/es\/wp-json\/wp\/v2\/categories?post=2956"},{"taxonomy":"post_tag","embeddable":true,"href":"https:\/\/thepositivefashionclub.com\/es\/wp-json\/wp\/v2\/tags?post=2956"}],"curies":[{"name":"wp","href":"https:\/\/api.w.org\/{rel}","templated":true}]}}