{"id":3201,"date":"2024-01-09T17:37:10","date_gmt":"2024-01-09T17:37:10","guid":{"rendered":"https:\/\/thepositivefashionclub.com\/?p=3201"},"modified":"2024-04-22T14:23:33","modified_gmt":"2024-04-22T14:23:33","slug":"la-revolucion-comienza-con-la-reflexion-y-la-accion","status":"publish","type":"post","link":"https:\/\/thepositivefashionclub.com\/es\/la-revolucion-comienza-con-la-reflexion-y-la-accion\/","title":{"rendered":"La revoluci\u00f3n comienza con la reflexi\u00f3n y la acci\u00f3n"},"content":{"rendered":"\n<p>En un mundo donde la moda se ha asociado con la rapidez y el consumo desmedido, es hora de dar un giro hacia un futuro sostenible. \u00bfC\u00f3mo? Transformando a las futuras generaciones en consumidores responsables de ropa y marcando un cambio desde el usuario en la industria textil, actualmente una de las m\u00e1s contaminantes del planeta.<\/p>\n\n\n\n<p>Somos conscientes de que todos, como usuarios de ropa, compartimos la responsabilidad de cambiar nuestros h\u00e1bitos. Si no actuamos, el cambio ser\u00e1 imposible. La soluci\u00f3n est\u00e1 en nuestras manos y \u00bfqu\u00e9 mejor manera de comenzar educando desde las edades tempranas, fomentando el pensamiento cr\u00edtico y la b\u00fasqueda de soluciones?<\/p>\n\n\n\n<p>Por ello, <a href=\"https:\/\/thepositivefashionclub.com\">\u00abEl Club de la Moda Positiva\u00bb<\/a> ha desarrollado juegos, talleres, charlas y recursos did\u00e1cticos dise\u00f1ados para trabajar en familia o en el aula. Nuestro objetivo es despertar la curiosidad y concientizar sobre temas cruciales, tales como la importancia de valorar los productos locales, comprender el impacto de las materias primas y adoptar h\u00e1bitos sostenibles con la ropa, entre muchos otros aspectos importantes sobre la sostenibilidad textil.<\/p>\n\n\n\n<p>En esta ocasi\u00f3n, te invitamos a reflexionar sobre la esencia de la artesan\u00eda y la riqueza del producto local. Para inspirarte, te presentamos el cautivador video animado\u00a0<a href=\"https:\/\/youtu.be\/XjXlFlGn8DQ?si=2DcUHee4erVt-OXt\"><strong>\u00abEl peque\u00f1o zapatero\u00bb<\/strong>\u00a0<\/a>de Isart Digital y te animamos a enfatizar sobre el tema\u00a0descargando gratis\u00a0nuestra <strong><a href=\"https:\/\/thepositivefashionclub.com\/producto\/sopa-letras-gratis\/\">sopa de letras<\/a> <\/strong>especialmente dise\u00f1ada para ni\u00f1os de 8 a 12 a\u00f1os con palabras clave relacionadas con la artesan\u00eda, el producto local y la sostenibilidad.<\/p>\n\n\n\n<p>\u00a1Acomp\u00e1\u00f1anos en este viaje educativo y l\u00fadico!\u00a0 La revoluci\u00f3n comienza con la reflexi\u00f3n y la acci\u00f3n, \u00a1y t\u00fa eres parte fundamental de ella!<\/p>\n\n\n\n<figure class=\"wp-block-embed is-type-video is-provider-youtube wp-block-embed-youtube wp-embed-aspect-16-9 wp-has-aspect-ratio\"><div class=\"wp-block-embed__wrapper\">\n<iframe title=\"Le petit cordonnier (2015)\" width=\"800\" height=\"450\" src=\"https:\/\/www.youtube.com\/embed\/XjXlFlGn8DQ?feature=oembed\" frameborder=\"0\" allow=\"accelerometer; autoplay; clipboard-write; encrypted-media; gyroscope; picture-in-picture; web-share\" allowfullscreen><\/iframe> \n<\/div><\/figure>\n","protected":false},"excerpt":{"rendered":"<p>En un mundo donde la moda se ha asociado con la rapidez y el consumo desmedido, es hora de dar un giro hacia un futuro sostenible. \u00bfC\u00f3mo? Transformando a las futuras generaciones en consumidores responsables de ropa y marcando un cambio desde el usuario en la industria textil, actualmente una de las m\u00e1s contaminantes del planeta.<\/p>\n","protected":false},"author":2,"featured_media":3209,"comment_status":"closed","ping_status":"open","sticky":false,"template":"","format":"standard","meta":{"footnotes":""},"categories":[1],"tags":[58,68,43,45,70,69,48],"class_list":["post-3201","post","type-post","status-publish","format-standard","has-post-thumbnail","hentry","category-sin-categorizar","tag-aprende-jugando","tag-charlas-sostenibilidad","tag-educacion-ambiental","tag-elclubdelamodapositiva","tag-recursos-didacticos-gratuitos","tag-sostenibilidad-textil","tag-talleres-educacion-ambiental"],"yoast_head":"<!-- This site is optimized with the Yoast SEO plugin v27.5 - https:\/\/yoast.com\/product\/yoast-seo-wordpress\/ -->\n<title>La revoluci\u00f3n comienza con la reflexi\u00f3n y la acci\u00f3n - El Club de la Moda Positiva<\/title>\n<meta name=\"description\" content=\"C\u00f3mo transformar a los consumidores hacia la moda sostenible para cambiar la industria textil, reducir el consumo desmedido y la contaminaci\u00f3n\" \/>\n<meta name=\"robots\" content=\"index, follow, max-snippet:-1, max-image-preview:large, max-video-preview:-1\" \/>\n<link rel=\"canonical\" href=\"https:\/\/thepositivefashionclub.com\/es\/la-revolucion-comienza-con-la-reflexion-y-la-accion\/\" \/>\n<meta property=\"og:locale\" content=\"es_ES\" \/>\n<meta property=\"og:type\" content=\"article\" \/>\n<meta property=\"og:title\" content=\"La revoluci\u00f3n comienza con la reflexi\u00f3n y la acci\u00f3n - El Club de la Moda Positiva\" \/>\n<meta property=\"og:description\" content=\"C\u00f3mo transformar a los consumidores hacia la moda sostenible para cambiar la industria textil, reducir el consumo desmedido y la contaminaci\u00f3n\" \/>\n<meta property=\"og:url\" content=\"https:\/\/thepositivefashionclub.com\/es\/la-revolucion-comienza-con-la-reflexion-y-la-accion\/\" \/>\n<meta property=\"og:site_name\" content=\"El Club de la Moda Positiva\" \/>\n<meta property=\"article:publisher\" content=\"https:\/\/www.facebook.com\/elclubdelamodapositiva\" \/>\n<meta property=\"article:published_time\" content=\"2024-01-09T17:37:10+00:00\" \/>\n<meta property=\"article:modified_time\" content=\"2024-04-22T14:23:33+00:00\" \/>\n<meta property=\"og:image\" content=\"https:\/\/thepositivefashionclub.com\/wp-content\/uploads\/2024\/01\/class-1024x802.png\" \/>\n\t<meta property=\"og:image:width\" content=\"1024\" \/>\n\t<meta property=\"og:image:height\" content=\"802\" \/>\n\t<meta property=\"og:image:type\" content=\"image\/png\" \/>\n<meta name=\"author\" content=\"Sonja\" \/>\n<meta name=\"twitter:card\" content=\"summary_large_image\" \/>\n<meta name=\"twitter:label1\" content=\"Escrito por\" \/>\n\t<meta name=\"twitter:data1\" content=\"Sonja\" \/>\n\t<meta name=\"twitter:label2\" content=\"Tiempo de lectura\" \/>\n\t<meta name=\"twitter:data2\" content=\"2 minutos\" \/>\n<script type=\"application\/ld+json\" class=\"yoast-schema-graph\">{\"@context\":\"https:\\\/\\\/schema.org\",\"@graph\":[{\"@type\":\"Article\",\"@id\":\"https:\\\/\\\/thepositivefashionclub.com\\\/es\\\/la-revolucion-comienza-con-la-reflexion-y-la-accion\\\/#article\",\"isPartOf\":{\"@id\":\"https:\\\/\\\/thepositivefashionclub.com\\\/es\\\/la-revolucion-comienza-con-la-reflexion-y-la-accion\\\/\"},\"author\":{\"name\":\"Sonja\",\"@id\":\"https:\\\/\\\/thepositivefashionclub.com\\\/es\\\/#\\\/schema\\\/person\\\/98742326319c605413b6692cbae02514\"},\"headline\":\"La revoluci\u00f3n comienza con la reflexi\u00f3n y la acci\u00f3n\",\"datePublished\":\"2024-01-09T17:37:10+00:00\",\"dateModified\":\"2024-04-22T14:23:33+00:00\",\"mainEntityOfPage\":{\"@id\":\"https:\\\/\\\/thepositivefashionclub.com\\\/es\\\/la-revolucion-comienza-con-la-reflexion-y-la-accion\\\/\"},\"wordCount\":304,\"publisher\":{\"@id\":\"https:\\\/\\\/thepositivefashionclub.com\\\/es\\\/#organization\"},\"image\":{\"@id\":\"https:\\\/\\\/thepositivefashionclub.com\\\/es\\\/la-revolucion-comienza-con-la-reflexion-y-la-accion\\\/#primaryimage\"},\"thumbnailUrl\":\"https:\\\/\\\/thepositivefashionclub.com\\\/wp-content\\\/uploads\\\/2024\\\/01\\\/class.png\",\"keywords\":[\"aprende jugando\",\"charlas sostenibilidad\",\"educaci\u00f3n ambiental\",\"elclubdelamodapositiva\",\"recursos did\u00e1cticos gratuitos\",\"sostenibilidad textil\",\"talleres educaci\u00f3n ambiental\"],\"articleSection\":[\"Sin categorizar\"],\"inLanguage\":\"es\"},{\"@type\":\"WebPage\",\"@id\":\"https:\\\/\\\/thepositivefashionclub.com\\\/es\\\/la-revolucion-comienza-con-la-reflexion-y-la-accion\\\/\",\"url\":\"https:\\\/\\\/thepositivefashionclub.com\\\/es\\\/la-revolucion-comienza-con-la-reflexion-y-la-accion\\\/\",\"name\":\"La revoluci\u00f3n comienza con la reflexi\u00f3n y la acci\u00f3n - El Club de la Moda Positiva\",\"isPartOf\":{\"@id\":\"https:\\\/\\\/thepositivefashionclub.com\\\/es\\\/#website\"},\"primaryImageOfPage\":{\"@id\":\"https:\\\/\\\/thepositivefashionclub.com\\\/es\\\/la-revolucion-comienza-con-la-reflexion-y-la-accion\\\/#primaryimage\"},\"image\":{\"@id\":\"https:\\\/\\\/thepositivefashionclub.com\\\/es\\\/la-revolucion-comienza-con-la-reflexion-y-la-accion\\\/#primaryimage\"},\"thumbnailUrl\":\"https:\\\/\\\/thepositivefashionclub.com\\\/wp-content\\\/uploads\\\/2024\\\/01\\\/class.png\",\"datePublished\":\"2024-01-09T17:37:10+00:00\",\"dateModified\":\"2024-04-22T14:23:33+00:00\",\"description\":\"C\u00f3mo transformar a los consumidores hacia la moda sostenible para cambiar la industria textil, reducir el consumo desmedido y la contaminaci\u00f3n\",\"breadcrumb\":{\"@id\":\"https:\\\/\\\/thepositivefashionclub.com\\\/es\\\/la-revolucion-comienza-con-la-reflexion-y-la-accion\\\/#breadcrumb\"},\"inLanguage\":\"es\",\"potentialAction\":[{\"@type\":\"ReadAction\",\"target\":[\"https:\\\/\\\/thepositivefashionclub.com\\\/es\\\/la-revolucion-comienza-con-la-reflexion-y-la-accion\\\/\"]}]},{\"@type\":\"ImageObject\",\"inLanguage\":\"es\",\"@id\":\"https:\\\/\\\/thepositivefashionclub.com\\\/es\\\/la-revolucion-comienza-con-la-reflexion-y-la-accion\\\/#primaryimage\",\"url\":\"https:\\\/\\\/thepositivefashionclub.com\\\/wp-content\\\/uploads\\\/2024\\\/01\\\/class.png\",\"contentUrl\":\"https:\\\/\\\/thepositivefashionclub.com\\\/wp-content\\\/uploads\\\/2024\\\/01\\\/class.png\",\"width\":1228,\"height\":962},{\"@type\":\"BreadcrumbList\",\"@id\":\"https:\\\/\\\/thepositivefashionclub.com\\\/es\\\/la-revolucion-comienza-con-la-reflexion-y-la-accion\\\/#breadcrumb\",\"itemListElement\":[{\"@type\":\"ListItem\",\"position\":1,\"name\":\"Portada\",\"item\":\"https:\\\/\\\/thepositivefashionclub.com\\\/es\\\/\"},{\"@type\":\"ListItem\",\"position\":2,\"name\":\"La revoluci\u00f3n comienza con la reflexi\u00f3n y la acci\u00f3n\"}]},{\"@type\":\"WebSite\",\"@id\":\"https:\\\/\\\/thepositivefashionclub.com\\\/es\\\/#website\",\"url\":\"https:\\\/\\\/thepositivefashionclub.com\\\/es\\\/\",\"name\":\"El Club de la Moda Positiva\",\"description\":\"\",\"publisher\":{\"@id\":\"https:\\\/\\\/thepositivefashionclub.com\\\/es\\\/#organization\"},\"potentialAction\":[{\"@type\":\"SearchAction\",\"target\":{\"@type\":\"EntryPoint\",\"urlTemplate\":\"https:\\\/\\\/thepositivefashionclub.com\\\/es\\\/?s={search_term_string}\"},\"query-input\":{\"@type\":\"PropertyValueSpecification\",\"valueRequired\":true,\"valueName\":\"search_term_string\"}}],\"inLanguage\":\"es\"},{\"@type\":\"Organization\",\"@id\":\"https:\\\/\\\/thepositivefashionclub.com\\\/es\\\/#organization\",\"name\":\"El Club de la Moda Positiva\",\"url\":\"https:\\\/\\\/thepositivefashionclub.com\\\/es\\\/\",\"logo\":{\"@type\":\"ImageObject\",\"inLanguage\":\"es\",\"@id\":\"https:\\\/\\\/thepositivefashionclub.com\\\/es\\\/#\\\/schema\\\/logo\\\/image\\\/\",\"url\":\"https:\\\/\\\/thepositivefashionclub.com\\\/wp-content\\\/uploads\\\/2024\\\/10\\\/cropped-logo-PFC-e1730203443817.jpg\",\"contentUrl\":\"https:\\\/\\\/thepositivefashionclub.com\\\/wp-content\\\/uploads\\\/2024\\\/10\\\/cropped-logo-PFC-e1730203443817.jpg\",\"width\":300,\"height\":303,\"caption\":\"El Club de la Moda Positiva\"},\"image\":{\"@id\":\"https:\\\/\\\/thepositivefashionclub.com\\\/es\\\/#\\\/schema\\\/logo\\\/image\\\/\"},\"sameAs\":[\"https:\\\/\\\/www.facebook.com\\\/elclubdelamodapositiva\",\"https:\\\/\\\/www.instagram.com\\\/elclubdelamodapositiva\\\/\",\"https:\\\/\\\/www.linkedin.com\\\/company\\\/el-club-de-la-moda-positiva\\\/\",\"https:\\\/\\\/www.youtube.com\\\/@elclubdelamodapositiva7328\"]},{\"@type\":\"Person\",\"@id\":\"https:\\\/\\\/thepositivefashionclub.com\\\/es\\\/#\\\/schema\\\/person\\\/98742326319c605413b6692cbae02514\",\"name\":\"Sonja\",\"image\":{\"@type\":\"ImageObject\",\"inLanguage\":\"es\",\"@id\":\"https:\\\/\\\/secure.gravatar.com\\\/avatar\\\/5f2d6aace7899dfe93cf9ed454b66ee443e22a0bd7ce1d0366b2784aac508f97?s=96&d=mm&r=g\",\"url\":\"https:\\\/\\\/secure.gravatar.com\\\/avatar\\\/5f2d6aace7899dfe93cf9ed454b66ee443e22a0bd7ce1d0366b2784aac508f97?s=96&d=mm&r=g\",\"contentUrl\":\"https:\\\/\\\/secure.gravatar.com\\\/avatar\\\/5f2d6aace7899dfe93cf9ed454b66ee443e22a0bd7ce1d0366b2784aac508f97?s=96&d=mm&r=g\",\"caption\":\"Sonja\"},\"url\":\"https:\\\/\\\/thepositivefashionclub.com\\\/es\\\/author\\\/sonja\\\/\"}]}<\/script>\n<!-- \/ Yoast SEO plugin. -->","yoast_head_json":{"title":"La revoluci\u00f3n comienza con la reflexi\u00f3n y la acci\u00f3n - El Club de la Moda Positiva","description":"C\u00f3mo transformar a los consumidores hacia la moda sostenible para cambiar la industria textil, reducir el consumo desmedido y la contaminaci\u00f3n","robots":{"index":"index","follow":"follow","max-snippet":"max-snippet:-1","max-image-preview":"max-image-preview:large","max-video-preview":"max-video-preview:-1"},"canonical":"https:\/\/thepositivefashionclub.com\/es\/la-revolucion-comienza-con-la-reflexion-y-la-accion\/","og_locale":"es_ES","og_type":"article","og_title":"La revoluci\u00f3n comienza con la reflexi\u00f3n y la acci\u00f3n - El Club de la Moda Positiva","og_description":"C\u00f3mo transformar a los consumidores hacia la moda sostenible para cambiar la industria textil, reducir el consumo desmedido y la contaminaci\u00f3n","og_url":"https:\/\/thepositivefashionclub.com\/es\/la-revolucion-comienza-con-la-reflexion-y-la-accion\/","og_site_name":"El Club de la Moda Positiva","article_publisher":"https:\/\/www.facebook.com\/elclubdelamodapositiva","article_published_time":"2024-01-09T17:37:10+00:00","article_modified_time":"2024-04-22T14:23:33+00:00","og_image":[{"width":1024,"height":802,"url":"https:\/\/thepositivefashionclub.com\/wp-content\/uploads\/2024\/01\/class-1024x802.png","type":"image\/png"}],"author":"Sonja","twitter_card":"summary_large_image","twitter_misc":{"Escrito por":"Sonja","Tiempo de lectura":"2 minutos"},"schema":{"@context":"https:\/\/schema.org","@graph":[{"@type":"Article","@id":"https:\/\/thepositivefashionclub.com\/es\/la-revolucion-comienza-con-la-reflexion-y-la-accion\/#article","isPartOf":{"@id":"https:\/\/thepositivefashionclub.com\/es\/la-revolucion-comienza-con-la-reflexion-y-la-accion\/"},"author":{"name":"Sonja","@id":"https:\/\/thepositivefashionclub.com\/es\/#\/schema\/person\/98742326319c605413b6692cbae02514"},"headline":"La revoluci\u00f3n comienza con la reflexi\u00f3n y la acci\u00f3n","datePublished":"2024-01-09T17:37:10+00:00","dateModified":"2024-04-22T14:23:33+00:00","mainEntityOfPage":{"@id":"https:\/\/thepositivefashionclub.com\/es\/la-revolucion-comienza-con-la-reflexion-y-la-accion\/"},"wordCount":304,"publisher":{"@id":"https:\/\/thepositivefashionclub.com\/es\/#organization"},"image":{"@id":"https:\/\/thepositivefashionclub.com\/es\/la-revolucion-comienza-con-la-reflexion-y-la-accion\/#primaryimage"},"thumbnailUrl":"https:\/\/thepositivefashionclub.com\/wp-content\/uploads\/2024\/01\/class.png","keywords":["aprende jugando","charlas sostenibilidad","educaci\u00f3n ambiental","elclubdelamodapositiva","recursos did\u00e1cticos gratuitos","sostenibilidad textil","talleres educaci\u00f3n ambiental"],"articleSection":["Sin categorizar"],"inLanguage":"es"},{"@type":"WebPage","@id":"https:\/\/thepositivefashionclub.com\/es\/la-revolucion-comienza-con-la-reflexion-y-la-accion\/","url":"https:\/\/thepositivefashionclub.com\/es\/la-revolucion-comienza-con-la-reflexion-y-la-accion\/","name":"La revoluci\u00f3n comienza con la reflexi\u00f3n y la acci\u00f3n - El Club de la Moda Positiva","isPartOf":{"@id":"https:\/\/thepositivefashionclub.com\/es\/#website"},"primaryImageOfPage":{"@id":"https:\/\/thepositivefashionclub.com\/es\/la-revolucion-comienza-con-la-reflexion-y-la-accion\/#primaryimage"},"image":{"@id":"https:\/\/thepositivefashionclub.com\/es\/la-revolucion-comienza-con-la-reflexion-y-la-accion\/#primaryimage"},"thumbnailUrl":"https:\/\/thepositivefashionclub.com\/wp-content\/uploads\/2024\/01\/class.png","datePublished":"2024-01-09T17:37:10+00:00","dateModified":"2024-04-22T14:23:33+00:00","description":"C\u00f3mo transformar a los consumidores hacia la moda sostenible para cambiar la industria textil, reducir el consumo desmedido y la contaminaci\u00f3n","breadcrumb":{"@id":"https:\/\/thepositivefashionclub.com\/es\/la-revolucion-comienza-con-la-reflexion-y-la-accion\/#breadcrumb"},"inLanguage":"es","potentialAction":[{"@type":"ReadAction","target":["https:\/\/thepositivefashionclub.com\/es\/la-revolucion-comienza-con-la-reflexion-y-la-accion\/"]}]},{"@type":"ImageObject","inLanguage":"es","@id":"https:\/\/thepositivefashionclub.com\/es\/la-revolucion-comienza-con-la-reflexion-y-la-accion\/#primaryimage","url":"https:\/\/thepositivefashionclub.com\/wp-content\/uploads\/2024\/01\/class.png","contentUrl":"https:\/\/thepositivefashionclub.com\/wp-content\/uploads\/2024\/01\/class.png","width":1228,"height":962},{"@type":"BreadcrumbList","@id":"https:\/\/thepositivefashionclub.com\/es\/la-revolucion-comienza-con-la-reflexion-y-la-accion\/#breadcrumb","itemListElement":[{"@type":"ListItem","position":1,"name":"Portada","item":"https:\/\/thepositivefashionclub.com\/es\/"},{"@type":"ListItem","position":2,"name":"La revoluci\u00f3n comienza con la reflexi\u00f3n y la acci\u00f3n"}]},{"@type":"WebSite","@id":"https:\/\/thepositivefashionclub.com\/es\/#website","url":"https:\/\/thepositivefashionclub.com\/es\/","name":"El Club de la Moda Positiva","description":"","publisher":{"@id":"https:\/\/thepositivefashionclub.com\/es\/#organization"},"potentialAction":[{"@type":"SearchAction","target":{"@type":"EntryPoint","urlTemplate":"https:\/\/thepositivefashionclub.com\/es\/?s={search_term_string}"},"query-input":{"@type":"PropertyValueSpecification","valueRequired":true,"valueName":"search_term_string"}}],"inLanguage":"es"},{"@type":"Organization","@id":"https:\/\/thepositivefashionclub.com\/es\/#organization","name":"El Club de la Moda Positiva","url":"https:\/\/thepositivefashionclub.com\/es\/","logo":{"@type":"ImageObject","inLanguage":"es","@id":"https:\/\/thepositivefashionclub.com\/es\/#\/schema\/logo\/image\/","url":"https:\/\/thepositivefashionclub.com\/wp-content\/uploads\/2024\/10\/cropped-logo-PFC-e1730203443817.jpg","contentUrl":"https:\/\/thepositivefashionclub.com\/wp-content\/uploads\/2024\/10\/cropped-logo-PFC-e1730203443817.jpg","width":300,"height":303,"caption":"El Club de la Moda Positiva"},"image":{"@id":"https:\/\/thepositivefashionclub.com\/es\/#\/schema\/logo\/image\/"},"sameAs":["https:\/\/www.facebook.com\/elclubdelamodapositiva","https:\/\/www.instagram.com\/elclubdelamodapositiva\/","https:\/\/www.linkedin.com\/company\/el-club-de-la-moda-positiva\/","https:\/\/www.youtube.com\/@elclubdelamodapositiva7328"]},{"@type":"Person","@id":"https:\/\/thepositivefashionclub.com\/es\/#\/schema\/person\/98742326319c605413b6692cbae02514","name":"Sonja","image":{"@type":"ImageObject","inLanguage":"es","@id":"https:\/\/secure.gravatar.com\/avatar\/5f2d6aace7899dfe93cf9ed454b66ee443e22a0bd7ce1d0366b2784aac508f97?s=96&d=mm&r=g","url":"https:\/\/secure.gravatar.com\/avatar\/5f2d6aace7899dfe93cf9ed454b66ee443e22a0bd7ce1d0366b2784aac508f97?s=96&d=mm&r=g","contentUrl":"https:\/\/secure.gravatar.com\/avatar\/5f2d6aace7899dfe93cf9ed454b66ee443e22a0bd7ce1d0366b2784aac508f97?s=96&d=mm&r=g","caption":"Sonja"},"url":"https:\/\/thepositivefashionclub.com\/es\/author\/sonja\/"}]}},"_links":{"self":[{"href":"https:\/\/thepositivefashionclub.com\/es\/wp-json\/wp\/v2\/posts\/3201","targetHints":{"allow":["GET"]}}],"collection":[{"href":"https:\/\/thepositivefashionclub.com\/es\/wp-json\/wp\/v2\/posts"}],"about":[{"href":"https:\/\/thepositivefashionclub.com\/es\/wp-json\/wp\/v2\/types\/post"}],"author":[{"embeddable":true,"href":"https:\/\/thepositivefashionclub.com\/es\/wp-json\/wp\/v2\/users\/2"}],"replies":[{"embeddable":true,"href":"https:\/\/thepositivefashionclub.com\/es\/wp-json\/wp\/v2\/comments?post=3201"}],"version-history":[{"count":1,"href":"https:\/\/thepositivefashionclub.com\/es\/wp-json\/wp\/v2\/posts\/3201\/revisions"}],"predecessor-version":[{"id":3202,"href":"https:\/\/thepositivefashionclub.com\/es\/wp-json\/wp\/v2\/posts\/3201\/revisions\/3202"}],"wp:featuredmedia":[{"embeddable":true,"href":"https:\/\/thepositivefashionclub.com\/es\/wp-json\/wp\/v2\/media\/3209"}],"wp:attachment":[{"href":"https:\/\/thepositivefashionclub.com\/es\/wp-json\/wp\/v2\/media?parent=3201"}],"wp:term":[{"taxonomy":"category","embeddable":true,"href":"https:\/\/thepositivefashionclub.com\/es\/wp-json\/wp\/v2\/categories?post=3201"},{"taxonomy":"post_tag","embeddable":true,"href":"https:\/\/thepositivefashionclub.com\/es\/wp-json\/wp\/v2\/tags?post=3201"}],"curies":[{"name":"wp","href":"https:\/\/api.w.org\/{rel}","templated":true}]}}