{"id":3696,"date":"2024-05-15T12:04:41","date_gmt":"2024-05-15T12:04:41","guid":{"rendered":"https:\/\/thepositivefashionclub.com\/?p=3696"},"modified":"2024-05-15T13:27:15","modified_gmt":"2024-05-15T13:27:15","slug":"fira_verda","status":"publish","type":"post","link":"https:\/\/thepositivefashionclub.com\/es\/fira_verda\/","title":{"rendered":"\u00a1El Club de la Moda Positiva en la Feria Verde y Circular de Granollers!"},"content":{"rendered":"\n<p>El pasado fin de semana fue una verdadera celebraci\u00f3n de la sostenibilidad y la creatividad en la <a href=\"https:\/\/evc.cat\/\">Feria Verde y Circular de Granollers<\/a>, \u00a1y El Club de la Moda Positiva estuvo en el coraz\u00f3n de la acci\u00f3n! <strong>Con dos iniciativas innovadoras y educativas, nuestro objetivo era claro: inspirar a las nuevas generaciones y fomentar una relaci\u00f3n positiva con la moda y la sostenibilidad textil.<\/strong><\/p>\n\n\n\n<p class=\"has-text-align-center\"><strong>Kids Corner: Fomentando la creatividad y la valoraci\u00f3n de la moda<\/strong><\/p>\n\n\n\n<p>En nuestro divertido \u00abKids Corner\u00bb, invitamos a los m\u00e1s peque\u00f1os a sumergirse en el mundo de la moda de una manera divertida y educativa. La actividad de <strong>\u00abDibuja tu prenda favorita\u00bb<\/strong> no solo despert\u00f3 la imaginaci\u00f3n de los ni\u00f1os, sino que tambi\u00e9n los anim\u00f3 a reflexionar sobre lo que realmente valoran en su ropa. Los dibujos resultantes no solo fueron expresiones de creatividad, sino tambi\u00e9n una manifestaci\u00f3n de la conexi\u00f3n emocional que los ni\u00f1os pueden tener con sus prendas.<\/p>\n\n\n\n<p>Estos dibujos no se perdieron en el papel; en <strong>nuestro mural<\/strong>, cada obra se convirti\u00f3 en una pieza de arte colectiva que destacaba la importancia de valorar y apreciar nuestras prendas. Fue emocionante ver c\u00f3mo los ni\u00f1os se entusiasmaban al ver sus creaciones en exhibici\u00f3n, creando un v\u00ednculo tangible entre ellos y la moda sostenible. \u00a1Atentos porque pronto crearemos la <strong>versi\u00f3n digital de este mural<\/strong>!<\/p>\n\n\n\n<p>Este rinc\u00f3n tambi\u00e9n inclu\u00eda un espacio donde jugamos con nuestros juegos: <strong><a href=\"https:\/\/thepositivefashionclub.com\/tienda\/fisicos\/juego-de-cartas-batalla-de-prendas\/\">\u00abBatalla de Prendas\u00bb<\/a><\/strong> y <strong><a href=\"https:\/\/thepositivefashionclub.com\/tienda\/fisicos\/juego-de-cartas-paco-pepe\/\">\u00abPaco&amp;Pepe\u00bb<\/a><\/strong>. Estos juegos no solo entretuvieron a los ni\u00f1os, sino que tambi\u00e9n los ense\u00f1aron sobre la importancia de la sostenibilidad textil de una manera accesible y divertida.<\/p>\n\n\n\n<p>Desde identificar materiales sostenibles hasta comprender el impacto ambiental de nuestras decisiones de moda, los juegos de cartas fueron una forma efectiva de transmitir mensajes importantes mientras se disfrutaba del tiempo en la feria. En total, m\u00e1s de 250 ni\u00f1os se unieron a nuestras actividades, dejando una impresi\u00f3n duradera sobre la importancia de la moda sostenible y la valoraci\u00f3n de nuestras prendas.<\/p>\n\n\n\n<div class=\"wp-block-columns is-layout-flex wp-container-core-columns-is-layout-28f84493 wp-block-columns-is-layout-flex\">\n<div class=\"wp-block-column is-layout-flow wp-block-column-is-layout-flow\" style=\"flex-basis:100%\">\n<figure class=\"wp-block-gallery has-nested-images columns-default is-cropped wp-block-gallery-1 is-layout-flex wp-block-gallery-is-layout-flex\">\n<figure class=\"wp-block-image size-large\"><img fetchpriority=\"high\" decoding=\"async\" width=\"769\" height=\"1024\" data-id=\"3715\" src=\"https:\/\/thepositivefashionclub.com\/wp-content\/uploads\/2024\/05\/IMG_20240510_121819-769x1024.jpg\" alt=\"\" class=\"wp-image-3715\" srcset=\"https:\/\/thepositivefashionclub.com\/wp-content\/uploads\/2024\/05\/IMG_20240510_121819-769x1024.jpg 769w, https:\/\/thepositivefashionclub.com\/wp-content\/uploads\/2024\/05\/IMG_20240510_121819-225x300.jpg 225w, https:\/\/thepositivefashionclub.com\/wp-content\/uploads\/2024\/05\/IMG_20240510_121819-768x1023.jpg 768w, https:\/\/thepositivefashionclub.com\/wp-content\/uploads\/2024\/05\/IMG_20240510_121819-1153x1536.jpg 1153w, https:\/\/thepositivefashionclub.com\/wp-content\/uploads\/2024\/05\/IMG_20240510_121819-1538x2048.jpg 1538w, https:\/\/thepositivefashionclub.com\/wp-content\/uploads\/2024\/05\/IMG_20240510_121819-600x799.jpg 600w, https:\/\/thepositivefashionclub.com\/wp-content\/uploads\/2024\/05\/IMG_20240510_121819-scaled.jpg 1922w\" sizes=\"(max-width: 769px) 100vw, 769px\" \/><\/figure>\n\n\n\n<figure class=\"wp-block-image size-large\"><img decoding=\"async\" width=\"769\" height=\"1024\" data-id=\"3761\" src=\"https:\/\/thepositivefashionclub.com\/wp-content\/uploads\/2024\/05\/1715770026624-769x1024.jpg\" alt=\"\" class=\"wp-image-3761\" srcset=\"https:\/\/thepositivefashionclub.com\/wp-content\/uploads\/2024\/05\/1715770026624-769x1024.jpg 769w, https:\/\/thepositivefashionclub.com\/wp-content\/uploads\/2024\/05\/1715770026624-225x300.jpg 225w, https:\/\/thepositivefashionclub.com\/wp-content\/uploads\/2024\/05\/1715770026624-768x1023.jpg 768w, https:\/\/thepositivefashionclub.com\/wp-content\/uploads\/2024\/05\/1715770026624-1153x1536.jpg 1153w, https:\/\/thepositivefashionclub.com\/wp-content\/uploads\/2024\/05\/1715770026624-1538x2048.jpg 1538w, https:\/\/thepositivefashionclub.com\/wp-content\/uploads\/2024\/05\/1715770026624-600x799.jpg 600w, https:\/\/thepositivefashionclub.com\/wp-content\/uploads\/2024\/05\/1715770026624-scaled.jpg 1922w\" sizes=\"(max-width: 769px) 100vw, 769px\" \/><\/figure>\n\n\n\n<figure class=\"wp-block-image size-large\"><img decoding=\"async\" width=\"768\" height=\"1024\" data-id=\"3758\" src=\"https:\/\/thepositivefashionclub.com\/wp-content\/uploads\/2024\/05\/1715775251476-768x1024.jpg\" alt=\"\" class=\"wp-image-3758\" srcset=\"https:\/\/thepositivefashionclub.com\/wp-content\/uploads\/2024\/05\/1715775251476-768x1024.jpg 768w, https:\/\/thepositivefashionclub.com\/wp-content\/uploads\/2024\/05\/1715775251476-225x300.jpg 225w, https:\/\/thepositivefashionclub.com\/wp-content\/uploads\/2024\/05\/1715775251476-1152x1536.jpg 1152w, https:\/\/thepositivefashionclub.com\/wp-content\/uploads\/2024\/05\/1715775251476-600x800.jpg 600w, https:\/\/thepositivefashionclub.com\/wp-content\/uploads\/2024\/05\/1715775251476.jpg 1368w\" sizes=\"(max-width: 768px) 100vw, 768px\" \/><\/figure>\n<\/figure>\n<\/div>\n<\/div>\n\n\n\n<p class=\"has-text-align-center\"><strong>Intercambio de Tesoros: Dando nueva vida a prendas usadas<\/strong><\/p>\n\n\n\n<p>Una de nuestras iniciativas m\u00e1s emocionantes fue el \u00abIntercambio de Tesoros\u00bb. <strong>Con el objetivo de promover la reutilizaci\u00f3n y la reducci\u00f3n del desperdicio textil<\/strong>, animamos a los asistentes a intercambiar prendas usadas en buen estado de forma gratuita. La respuesta fue muy bien acogida, con <strong>m\u00e1s de 300 prendas intercambiadas<\/strong> en este acto significativo de consumo consciente.<\/p>\n\n\n\n<p>El Intercambio no s\u00f3lo fue una oportunidad para <strong>renovar nuestros guardarropas de manera sostenible<\/strong>, sino que tambi\u00e9n represent\u00f3 un paso significativo hacia la reducci\u00f3n del impacto ambiental de la industria textil. <strong>Cada prenda intercambiada signific\u00f3 una prenda menos producida<\/strong> y una menos destinada a terminar en vertederos o incineradoras, donde contribuir\u00eda al problema creciente de residuos textiles. Al optar por intercambiar prendas en lugar de comprar nuevas, estamos <strong>prolongando la vida \u00fatil de la ropa<\/strong> y reduciendo la demanda de recursos naturales, energ\u00eda y mano de obra asociados con la producci\u00f3n de nuevas prendas. Este enfoque, <strong>sin costo alguno para los participantes y para el planeta<\/strong>, promueve un ciclo m\u00e1s circular y sostenible en el consumo de moda, al tiempo que fomenta una mentalidad de compartir y comunidad entre los participantes. <strong>Cada prenda intercambiada es un peque\u00f1o paso hacia un futuro m\u00e1s limpio y consciente para nuestro planeta.<\/strong><\/p>\n\n\n\n<figure class=\"wp-block-gallery has-nested-images columns-default is-cropped wp-block-gallery-2 is-layout-flex wp-block-gallery-is-layout-flex\">\n<figure class=\"wp-block-image size-large\"><img loading=\"lazy\" decoding=\"async\" width=\"1024\" height=\"769\" data-id=\"3723\" src=\"https:\/\/thepositivefashionclub.com\/wp-content\/uploads\/2024\/05\/IMG_20240511_183123-1024x769.jpg\" alt=\"\" class=\"wp-image-3723\" srcset=\"https:\/\/thepositivefashionclub.com\/wp-content\/uploads\/2024\/05\/IMG_20240511_183123-1024x769.jpg 1024w, https:\/\/thepositivefashionclub.com\/wp-content\/uploads\/2024\/05\/IMG_20240511_183123-300x225.jpg 300w, https:\/\/thepositivefashionclub.com\/wp-content\/uploads\/2024\/05\/IMG_20240511_183123-768x577.jpg 768w, https:\/\/thepositivefashionclub.com\/wp-content\/uploads\/2024\/05\/IMG_20240511_183123-1536x1153.jpg 1536w, https:\/\/thepositivefashionclub.com\/wp-content\/uploads\/2024\/05\/IMG_20240511_183123-2048x1538.jpg 2048w, https:\/\/thepositivefashionclub.com\/wp-content\/uploads\/2024\/05\/IMG_20240511_183123-600x451.jpg 600w\" sizes=\"(max-width: 1024px) 100vw, 1024px\" \/><\/figure>\n\n\n\n<figure class=\"wp-block-image size-large\"><img loading=\"lazy\" decoding=\"async\" width=\"769\" height=\"1024\" data-id=\"3703\" src=\"https:\/\/thepositivefashionclub.com\/wp-content\/uploads\/2024\/05\/IMG_20240510_103955-769x1024.jpg\" alt=\"\" class=\"wp-image-3703\" srcset=\"https:\/\/thepositivefashionclub.com\/wp-content\/uploads\/2024\/05\/IMG_20240510_103955-769x1024.jpg 769w, https:\/\/thepositivefashionclub.com\/wp-content\/uploads\/2024\/05\/IMG_20240510_103955-225x300.jpg 225w, https:\/\/thepositivefashionclub.com\/wp-content\/uploads\/2024\/05\/IMG_20240510_103955-768x1023.jpg 768w, https:\/\/thepositivefashionclub.com\/wp-content\/uploads\/2024\/05\/IMG_20240510_103955-1153x1536.jpg 1153w, https:\/\/thepositivefashionclub.com\/wp-content\/uploads\/2024\/05\/IMG_20240510_103955-1538x2048.jpg 1538w, https:\/\/thepositivefashionclub.com\/wp-content\/uploads\/2024\/05\/IMG_20240510_103955-600x799.jpg 600w, https:\/\/thepositivefashionclub.com\/wp-content\/uploads\/2024\/05\/IMG_20240510_103955-scaled.jpg 1922w\" sizes=\"(max-width: 769px) 100vw, 769px\" \/><\/figure>\n\n\n\n<figure class=\"wp-block-image size-large\"><img loading=\"lazy\" decoding=\"async\" width=\"769\" height=\"1024\" data-id=\"3701\" src=\"https:\/\/thepositivefashionclub.com\/wp-content\/uploads\/2024\/05\/IMG_20240510_093239-769x1024.jpg\" alt=\"\" class=\"wp-image-3701\" srcset=\"https:\/\/thepositivefashionclub.com\/wp-content\/uploads\/2024\/05\/IMG_20240510_093239-769x1024.jpg 769w, https:\/\/thepositivefashionclub.com\/wp-content\/uploads\/2024\/05\/IMG_20240510_093239-225x300.jpg 225w, https:\/\/thepositivefashionclub.com\/wp-content\/uploads\/2024\/05\/IMG_20240510_093239-768x1023.jpg 768w, https:\/\/thepositivefashionclub.com\/wp-content\/uploads\/2024\/05\/IMG_20240510_093239-1153x1536.jpg 1153w, https:\/\/thepositivefashionclub.com\/wp-content\/uploads\/2024\/05\/IMG_20240510_093239-1538x2048.jpg 1538w, https:\/\/thepositivefashionclub.com\/wp-content\/uploads\/2024\/05\/IMG_20240510_093239-600x799.jpg 600w, https:\/\/thepositivefashionclub.com\/wp-content\/uploads\/2024\/05\/IMG_20240510_093239-scaled.jpg 1922w\" sizes=\"(max-width: 769px) 100vw, 769px\" \/><\/figure>\n<\/figure>\n\n\n\n<p>En resumen, nuestra participaci\u00f3n en la Feria Verde y Circular de Granollers fue un \u00e9xito rotundo. Desde inspirar la creatividad hasta educar sobre la sostenibilidad, <a href=\"https:\/\/thepositivefashionclub.com\/\">El Club de la Moda Positiva<\/a> sigue comprometido con un <strong>futuro de moda m\u00e1s consciente y positivo para todos<\/strong>. \u00a1Gracias a todos los que se unieron a nosotros en este viaje hacia un cambio positivo en la industria de la moda!<\/p>\n\n\n\n<p>Adem\u00e1s, estamos emocionados de compartir que nuestra participaci\u00f3n en la Feria Verde y Circular de Granollers no pas\u00f3 desapercibida, <strong>\u00a1ya que fuimos destacados en la televisi\u00f3n local <a href=\"https:\/\/votv.cat\/infovalles-especial-fira-i-festes-de-lascensio-2024\/\">VOTV<\/a>!<\/strong> Esta cobertura nos llena de alegr\u00eda, ya que nos brinda la oportunidad de difundir nuestro mensaje sobre la moda sostenible a un p\u00fablico a\u00fan m\u00e1s amplio. Os dejamos el programa completo aqu\u00ed, a nosotras nos encontrar\u00e1s a partir del <strong>minuto 54:<\/strong><\/p>\n\n\n\n<figure class=\"wp-block-embed aligncenter is-type-video is-provider-youtube wp-block-embed-youtube wp-embed-aspect-16-9 wp-has-aspect-ratio\"><div class=\"wp-block-embed__wrapper\">\n<iframe title=\"VOTV - Infovall\u00e8s: Especial Fira i Festes de l&#039;Ascensi\u00f3 2024\" width=\"800\" height=\"450\" src=\"https:\/\/www.youtube.com\/embed\/eJs5vWidJ7I?feature=oembed\" frameborder=\"0\" allow=\"accelerometer; autoplay; clipboard-write; encrypted-media; gyroscope; picture-in-picture; web-share\" referrerpolicy=\"strict-origin-when-cross-origin\" allowfullscreen><\/iframe>\n<\/div><\/figure>\n\n\n\n<p><\/p>\n","protected":false},"excerpt":{"rendered":"<p>El pasado fin de semana fue una verdadera celebraci\u00f3n de la sostenibilidad y la creatividad en la Feria Verde y Circular de Granollers, \u00a1y El Club de la Moda Positiva estuvo en el coraz\u00f3n de la acci\u00f3n! Con dos iniciativas innovadoras y educativas, nuestro objetivo era claro: inspirar a las nuevas generaciones y fomentar una relaci\u00f3n positiva con la moda y la sostenibilidad textil.<\/p>\n","protected":false},"author":2,"featured_media":3697,"comment_status":"closed","ping_status":"closed","sticky":false,"template":"","format":"standard","meta":{"footnotes":""},"categories":[1],"tags":[58,135,45,55,69],"class_list":["post-3696","post","type-post","status-publish","format-standard","has-post-thumbnail","hentry","category-sin-categorizar","tag-aprende-jugando","tag-batalla-de-prendas","tag-elclubdelamodapositiva","tag-intercambio-de-ropa","tag-sostenibilidad-textil"],"yoast_head":"<!-- This site is optimized with the Yoast SEO plugin v27.5 - https:\/\/yoast.com\/product\/yoast-seo-wordpress\/ -->\n<title>\u00a1El Club de la Moda Positiva en la Feria Verde y Circular de Granollers! - El Club de la Moda Positiva<\/title>\n<meta name=\"description\" content=\"El pasado fin de semana fue una verdadera celebraci\u00f3n de la sostenibilidad y la creatividad en la Feria Verde y Circular de Granollers, \u00a1y El Club de la Moda Positiva estuvo en el coraz\u00f3n de la acci\u00f3n! Con dos iniciativas innovadoras y educativas, nuestro objetivo era claro: inspirar a las nuevas generaciones y fomentar una relaci\u00f3n positiva con la moda y la sostenibilidad textil.\" \/>\n<meta name=\"robots\" content=\"index, follow, max-snippet:-1, max-image-preview:large, max-video-preview:-1\" \/>\n<link rel=\"canonical\" href=\"https:\/\/thepositivefashionclub.com\/es\/fira_verda\/\" \/>\n<meta property=\"og:locale\" content=\"es_ES\" \/>\n<meta property=\"og:type\" content=\"article\" \/>\n<meta property=\"og:title\" content=\"\u00a1El Club de la Moda Positiva en la Feria Verde y Circular de Granollers! - El Club de la Moda Positiva\" \/>\n<meta property=\"og:description\" content=\"El pasado fin de semana fue una verdadera celebraci\u00f3n de la sostenibilidad y la creatividad en la Feria Verde y Circular de Granollers, \u00a1y El Club de la Moda Positiva estuvo en el coraz\u00f3n de la acci\u00f3n! Con dos iniciativas innovadoras y educativas, nuestro objetivo era claro: inspirar a las nuevas generaciones y fomentar una relaci\u00f3n positiva con la moda y la sostenibilidad textil.\" \/>\n<meta property=\"og:url\" content=\"https:\/\/thepositivefashionclub.com\/es\/fira_verda\/\" \/>\n<meta property=\"og:site_name\" content=\"El Club de la Moda Positiva\" \/>\n<meta property=\"article:publisher\" content=\"https:\/\/www.facebook.com\/elclubdelamodapositiva\" \/>\n<meta property=\"article:published_time\" content=\"2024-05-15T12:04:41+00:00\" \/>\n<meta property=\"article:modified_time\" content=\"2024-05-15T13:27:15+00:00\" \/>\n<meta property=\"og:image\" content=\"https:\/\/thepositivefashionclub.com\/wp-content\/uploads\/2024\/05\/1715769804256-scaled.jpg\" \/>\n\t<meta property=\"og:image:width\" content=\"2560\" \/>\n\t<meta property=\"og:image:height\" content=\"1922\" \/>\n\t<meta property=\"og:image:type\" content=\"image\/jpeg\" \/>\n<meta name=\"author\" content=\"Sonja\" \/>\n<meta name=\"twitter:card\" content=\"summary_large_image\" \/>\n<meta name=\"twitter:label1\" content=\"Escrito por\" \/>\n\t<meta name=\"twitter:data1\" content=\"Sonja\" \/>\n\t<meta name=\"twitter:label2\" content=\"Tiempo de lectura\" \/>\n\t<meta name=\"twitter:data2\" content=\"5 minutos\" \/>\n<script type=\"application\/ld+json\" class=\"yoast-schema-graph\">{\"@context\":\"https:\\\/\\\/schema.org\",\"@graph\":[{\"@type\":\"Article\",\"@id\":\"https:\\\/\\\/thepositivefashionclub.com\\\/es\\\/fira_verda\\\/#article\",\"isPartOf\":{\"@id\":\"https:\\\/\\\/thepositivefashionclub.com\\\/es\\\/fira_verda\\\/\"},\"author\":{\"name\":\"Sonja\",\"@id\":\"https:\\\/\\\/thepositivefashionclub.com\\\/es\\\/#\\\/schema\\\/person\\\/98742326319c605413b6692cbae02514\"},\"headline\":\"\u00a1El Club de la Moda Positiva en la Feria Verde y Circular de Granollers!\",\"datePublished\":\"2024-05-15T12:04:41+00:00\",\"dateModified\":\"2024-05-15T13:27:15+00:00\",\"mainEntityOfPage\":{\"@id\":\"https:\\\/\\\/thepositivefashionclub.com\\\/es\\\/fira_verda\\\/\"},\"wordCount\":746,\"publisher\":{\"@id\":\"https:\\\/\\\/thepositivefashionclub.com\\\/es\\\/#organization\"},\"image\":{\"@id\":\"https:\\\/\\\/thepositivefashionclub.com\\\/es\\\/fira_verda\\\/#primaryimage\"},\"thumbnailUrl\":\"https:\\\/\\\/thepositivefashionclub.com\\\/wp-content\\\/uploads\\\/2024\\\/05\\\/1715769804256-scaled.jpg\",\"keywords\":[\"aprende jugando\",\"Batalla de Prendas\",\"elclubdelamodapositiva\",\"intercambio de ropa\",\"sostenibilidad textil\"],\"articleSection\":[\"Sin categorizar\"],\"inLanguage\":\"es\"},{\"@type\":\"WebPage\",\"@id\":\"https:\\\/\\\/thepositivefashionclub.com\\\/es\\\/fira_verda\\\/\",\"url\":\"https:\\\/\\\/thepositivefashionclub.com\\\/es\\\/fira_verda\\\/\",\"name\":\"\u00a1El Club de la Moda Positiva en la Feria Verde y Circular de Granollers! - El Club de la Moda Positiva\",\"isPartOf\":{\"@id\":\"https:\\\/\\\/thepositivefashionclub.com\\\/es\\\/#website\"},\"primaryImageOfPage\":{\"@id\":\"https:\\\/\\\/thepositivefashionclub.com\\\/es\\\/fira_verda\\\/#primaryimage\"},\"image\":{\"@id\":\"https:\\\/\\\/thepositivefashionclub.com\\\/es\\\/fira_verda\\\/#primaryimage\"},\"thumbnailUrl\":\"https:\\\/\\\/thepositivefashionclub.com\\\/wp-content\\\/uploads\\\/2024\\\/05\\\/1715769804256-scaled.jpg\",\"datePublished\":\"2024-05-15T12:04:41+00:00\",\"dateModified\":\"2024-05-15T13:27:15+00:00\",\"description\":\"El pasado fin de semana fue una verdadera celebraci\u00f3n de la sostenibilidad y la creatividad en la Feria Verde y Circular de Granollers, \u00a1y El Club de la Moda Positiva estuvo en el coraz\u00f3n de la acci\u00f3n! Con dos iniciativas innovadoras y educativas, nuestro objetivo era claro: inspirar a las nuevas generaciones y fomentar una relaci\u00f3n positiva con la moda y la sostenibilidad textil.\",\"breadcrumb\":{\"@id\":\"https:\\\/\\\/thepositivefashionclub.com\\\/es\\\/fira_verda\\\/#breadcrumb\"},\"inLanguage\":\"es\",\"potentialAction\":[{\"@type\":\"ReadAction\",\"target\":[\"https:\\\/\\\/thepositivefashionclub.com\\\/es\\\/fira_verda\\\/\"]}]},{\"@type\":\"ImageObject\",\"inLanguage\":\"es\",\"@id\":\"https:\\\/\\\/thepositivefashionclub.com\\\/es\\\/fira_verda\\\/#primaryimage\",\"url\":\"https:\\\/\\\/thepositivefashionclub.com\\\/wp-content\\\/uploads\\\/2024\\\/05\\\/1715769804256-scaled.jpg\",\"contentUrl\":\"https:\\\/\\\/thepositivefashionclub.com\\\/wp-content\\\/uploads\\\/2024\\\/05\\\/1715769804256-scaled.jpg\",\"width\":2560,\"height\":1922},{\"@type\":\"BreadcrumbList\",\"@id\":\"https:\\\/\\\/thepositivefashionclub.com\\\/es\\\/fira_verda\\\/#breadcrumb\",\"itemListElement\":[{\"@type\":\"ListItem\",\"position\":1,\"name\":\"Portada\",\"item\":\"https:\\\/\\\/thepositivefashionclub.com\\\/es\\\/\"},{\"@type\":\"ListItem\",\"position\":2,\"name\":\"\u00a1El Club de la Moda Positiva en la Feria Verde y Circular de Granollers!\"}]},{\"@type\":\"WebSite\",\"@id\":\"https:\\\/\\\/thepositivefashionclub.com\\\/es\\\/#website\",\"url\":\"https:\\\/\\\/thepositivefashionclub.com\\\/es\\\/\",\"name\":\"El Club de la Moda Positiva\",\"description\":\"\",\"publisher\":{\"@id\":\"https:\\\/\\\/thepositivefashionclub.com\\\/es\\\/#organization\"},\"potentialAction\":[{\"@type\":\"SearchAction\",\"target\":{\"@type\":\"EntryPoint\",\"urlTemplate\":\"https:\\\/\\\/thepositivefashionclub.com\\\/es\\\/?s={search_term_string}\"},\"query-input\":{\"@type\":\"PropertyValueSpecification\",\"valueRequired\":true,\"valueName\":\"search_term_string\"}}],\"inLanguage\":\"es\"},{\"@type\":\"Organization\",\"@id\":\"https:\\\/\\\/thepositivefashionclub.com\\\/es\\\/#organization\",\"name\":\"El Club de la Moda Positiva\",\"url\":\"https:\\\/\\\/thepositivefashionclub.com\\\/es\\\/\",\"logo\":{\"@type\":\"ImageObject\",\"inLanguage\":\"es\",\"@id\":\"https:\\\/\\\/thepositivefashionclub.com\\\/es\\\/#\\\/schema\\\/logo\\\/image\\\/\",\"url\":\"https:\\\/\\\/thepositivefashionclub.com\\\/wp-content\\\/uploads\\\/2024\\\/10\\\/cropped-logo-PFC-e1730203443817.jpg\",\"contentUrl\":\"https:\\\/\\\/thepositivefashionclub.com\\\/wp-content\\\/uploads\\\/2024\\\/10\\\/cropped-logo-PFC-e1730203443817.jpg\",\"width\":300,\"height\":303,\"caption\":\"El Club de la Moda Positiva\"},\"image\":{\"@id\":\"https:\\\/\\\/thepositivefashionclub.com\\\/es\\\/#\\\/schema\\\/logo\\\/image\\\/\"},\"sameAs\":[\"https:\\\/\\\/www.facebook.com\\\/elclubdelamodapositiva\",\"https:\\\/\\\/www.instagram.com\\\/elclubdelamodapositiva\\\/\",\"https:\\\/\\\/www.linkedin.com\\\/company\\\/el-club-de-la-moda-positiva\\\/\",\"https:\\\/\\\/www.youtube.com\\\/@elclubdelamodapositiva7328\"]},{\"@type\":\"Person\",\"@id\":\"https:\\\/\\\/thepositivefashionclub.com\\\/es\\\/#\\\/schema\\\/person\\\/98742326319c605413b6692cbae02514\",\"name\":\"Sonja\",\"image\":{\"@type\":\"ImageObject\",\"inLanguage\":\"es\",\"@id\":\"https:\\\/\\\/secure.gravatar.com\\\/avatar\\\/5f2d6aace7899dfe93cf9ed454b66ee443e22a0bd7ce1d0366b2784aac508f97?s=96&d=mm&r=g\",\"url\":\"https:\\\/\\\/secure.gravatar.com\\\/avatar\\\/5f2d6aace7899dfe93cf9ed454b66ee443e22a0bd7ce1d0366b2784aac508f97?s=96&d=mm&r=g\",\"contentUrl\":\"https:\\\/\\\/secure.gravatar.com\\\/avatar\\\/5f2d6aace7899dfe93cf9ed454b66ee443e22a0bd7ce1d0366b2784aac508f97?s=96&d=mm&r=g\",\"caption\":\"Sonja\"},\"url\":\"https:\\\/\\\/thepositivefashionclub.com\\\/es\\\/author\\\/sonja\\\/\"}]}<\/script>\n<!-- \/ Yoast SEO plugin. -->","yoast_head_json":{"title":"\u00a1El Club de la Moda Positiva en la Feria Verde y Circular de Granollers! - El Club de la Moda Positiva","description":"El pasado fin de semana fue una verdadera celebraci\u00f3n de la sostenibilidad y la creatividad en la Feria Verde y Circular de Granollers, \u00a1y El Club de la Moda Positiva estuvo en el coraz\u00f3n de la acci\u00f3n! Con dos iniciativas innovadoras y educativas, nuestro objetivo era claro: inspirar a las nuevas generaciones y fomentar una relaci\u00f3n positiva con la moda y la sostenibilidad textil.","robots":{"index":"index","follow":"follow","max-snippet":"max-snippet:-1","max-image-preview":"max-image-preview:large","max-video-preview":"max-video-preview:-1"},"canonical":"https:\/\/thepositivefashionclub.com\/es\/fira_verda\/","og_locale":"es_ES","og_type":"article","og_title":"\u00a1El Club de la Moda Positiva en la Feria Verde y Circular de Granollers! - El Club de la Moda Positiva","og_description":"El pasado fin de semana fue una verdadera celebraci\u00f3n de la sostenibilidad y la creatividad en la Feria Verde y Circular de Granollers, \u00a1y El Club de la Moda Positiva estuvo en el coraz\u00f3n de la acci\u00f3n! Con dos iniciativas innovadoras y educativas, nuestro objetivo era claro: inspirar a las nuevas generaciones y fomentar una relaci\u00f3n positiva con la moda y la sostenibilidad textil.","og_url":"https:\/\/thepositivefashionclub.com\/es\/fira_verda\/","og_site_name":"El Club de la Moda Positiva","article_publisher":"https:\/\/www.facebook.com\/elclubdelamodapositiva","article_published_time":"2024-05-15T12:04:41+00:00","article_modified_time":"2024-05-15T13:27:15+00:00","og_image":[{"width":2560,"height":1922,"url":"https:\/\/thepositivefashionclub.com\/wp-content\/uploads\/2024\/05\/1715769804256-scaled.jpg","type":"image\/jpeg"}],"author":"Sonja","twitter_card":"summary_large_image","twitter_misc":{"Escrito por":"Sonja","Tiempo de lectura":"5 minutos"},"schema":{"@context":"https:\/\/schema.org","@graph":[{"@type":"Article","@id":"https:\/\/thepositivefashionclub.com\/es\/fira_verda\/#article","isPartOf":{"@id":"https:\/\/thepositivefashionclub.com\/es\/fira_verda\/"},"author":{"name":"Sonja","@id":"https:\/\/thepositivefashionclub.com\/es\/#\/schema\/person\/98742326319c605413b6692cbae02514"},"headline":"\u00a1El Club de la Moda Positiva en la Feria Verde y Circular de Granollers!","datePublished":"2024-05-15T12:04:41+00:00","dateModified":"2024-05-15T13:27:15+00:00","mainEntityOfPage":{"@id":"https:\/\/thepositivefashionclub.com\/es\/fira_verda\/"},"wordCount":746,"publisher":{"@id":"https:\/\/thepositivefashionclub.com\/es\/#organization"},"image":{"@id":"https:\/\/thepositivefashionclub.com\/es\/fira_verda\/#primaryimage"},"thumbnailUrl":"https:\/\/thepositivefashionclub.com\/wp-content\/uploads\/2024\/05\/1715769804256-scaled.jpg","keywords":["aprende jugando","Batalla de Prendas","elclubdelamodapositiva","intercambio de ropa","sostenibilidad textil"],"articleSection":["Sin categorizar"],"inLanguage":"es"},{"@type":"WebPage","@id":"https:\/\/thepositivefashionclub.com\/es\/fira_verda\/","url":"https:\/\/thepositivefashionclub.com\/es\/fira_verda\/","name":"\u00a1El Club de la Moda Positiva en la Feria Verde y Circular de Granollers! - El Club de la Moda Positiva","isPartOf":{"@id":"https:\/\/thepositivefashionclub.com\/es\/#website"},"primaryImageOfPage":{"@id":"https:\/\/thepositivefashionclub.com\/es\/fira_verda\/#primaryimage"},"image":{"@id":"https:\/\/thepositivefashionclub.com\/es\/fira_verda\/#primaryimage"},"thumbnailUrl":"https:\/\/thepositivefashionclub.com\/wp-content\/uploads\/2024\/05\/1715769804256-scaled.jpg","datePublished":"2024-05-15T12:04:41+00:00","dateModified":"2024-05-15T13:27:15+00:00","description":"El pasado fin de semana fue una verdadera celebraci\u00f3n de la sostenibilidad y la creatividad en la Feria Verde y Circular de Granollers, \u00a1y El Club de la Moda Positiva estuvo en el coraz\u00f3n de la acci\u00f3n! Con dos iniciativas innovadoras y educativas, nuestro objetivo era claro: inspirar a las nuevas generaciones y fomentar una relaci\u00f3n positiva con la moda y la sostenibilidad textil.","breadcrumb":{"@id":"https:\/\/thepositivefashionclub.com\/es\/fira_verda\/#breadcrumb"},"inLanguage":"es","potentialAction":[{"@type":"ReadAction","target":["https:\/\/thepositivefashionclub.com\/es\/fira_verda\/"]}]},{"@type":"ImageObject","inLanguage":"es","@id":"https:\/\/thepositivefashionclub.com\/es\/fira_verda\/#primaryimage","url":"https:\/\/thepositivefashionclub.com\/wp-content\/uploads\/2024\/05\/1715769804256-scaled.jpg","contentUrl":"https:\/\/thepositivefashionclub.com\/wp-content\/uploads\/2024\/05\/1715769804256-scaled.jpg","width":2560,"height":1922},{"@type":"BreadcrumbList","@id":"https:\/\/thepositivefashionclub.com\/es\/fira_verda\/#breadcrumb","itemListElement":[{"@type":"ListItem","position":1,"name":"Portada","item":"https:\/\/thepositivefashionclub.com\/es\/"},{"@type":"ListItem","position":2,"name":"\u00a1El Club de la Moda Positiva en la Feria Verde y Circular de Granollers!"}]},{"@type":"WebSite","@id":"https:\/\/thepositivefashionclub.com\/es\/#website","url":"https:\/\/thepositivefashionclub.com\/es\/","name":"El Club de la Moda Positiva","description":"","publisher":{"@id":"https:\/\/thepositivefashionclub.com\/es\/#organization"},"potentialAction":[{"@type":"SearchAction","target":{"@type":"EntryPoint","urlTemplate":"https:\/\/thepositivefashionclub.com\/es\/?s={search_term_string}"},"query-input":{"@type":"PropertyValueSpecification","valueRequired":true,"valueName":"search_term_string"}}],"inLanguage":"es"},{"@type":"Organization","@id":"https:\/\/thepositivefashionclub.com\/es\/#organization","name":"El Club de la Moda Positiva","url":"https:\/\/thepositivefashionclub.com\/es\/","logo":{"@type":"ImageObject","inLanguage":"es","@id":"https:\/\/thepositivefashionclub.com\/es\/#\/schema\/logo\/image\/","url":"https:\/\/thepositivefashionclub.com\/wp-content\/uploads\/2024\/10\/cropped-logo-PFC-e1730203443817.jpg","contentUrl":"https:\/\/thepositivefashionclub.com\/wp-content\/uploads\/2024\/10\/cropped-logo-PFC-e1730203443817.jpg","width":300,"height":303,"caption":"El Club de la Moda Positiva"},"image":{"@id":"https:\/\/thepositivefashionclub.com\/es\/#\/schema\/logo\/image\/"},"sameAs":["https:\/\/www.facebook.com\/elclubdelamodapositiva","https:\/\/www.instagram.com\/elclubdelamodapositiva\/","https:\/\/www.linkedin.com\/company\/el-club-de-la-moda-positiva\/","https:\/\/www.youtube.com\/@elclubdelamodapositiva7328"]},{"@type":"Person","@id":"https:\/\/thepositivefashionclub.com\/es\/#\/schema\/person\/98742326319c605413b6692cbae02514","name":"Sonja","image":{"@type":"ImageObject","inLanguage":"es","@id":"https:\/\/secure.gravatar.com\/avatar\/5f2d6aace7899dfe93cf9ed454b66ee443e22a0bd7ce1d0366b2784aac508f97?s=96&d=mm&r=g","url":"https:\/\/secure.gravatar.com\/avatar\/5f2d6aace7899dfe93cf9ed454b66ee443e22a0bd7ce1d0366b2784aac508f97?s=96&d=mm&r=g","contentUrl":"https:\/\/secure.gravatar.com\/avatar\/5f2d6aace7899dfe93cf9ed454b66ee443e22a0bd7ce1d0366b2784aac508f97?s=96&d=mm&r=g","caption":"Sonja"},"url":"https:\/\/thepositivefashionclub.com\/es\/author\/sonja\/"}]}},"_links":{"self":[{"href":"https:\/\/thepositivefashionclub.com\/es\/wp-json\/wp\/v2\/posts\/3696","targetHints":{"allow":["GET"]}}],"collection":[{"href":"https:\/\/thepositivefashionclub.com\/es\/wp-json\/wp\/v2\/posts"}],"about":[{"href":"https:\/\/thepositivefashionclub.com\/es\/wp-json\/wp\/v2\/types\/post"}],"author":[{"embeddable":true,"href":"https:\/\/thepositivefashionclub.com\/es\/wp-json\/wp\/v2\/users\/2"}],"replies":[{"embeddable":true,"href":"https:\/\/thepositivefashionclub.com\/es\/wp-json\/wp\/v2\/comments?post=3696"}],"version-history":[{"count":14,"href":"https:\/\/thepositivefashionclub.com\/es\/wp-json\/wp\/v2\/posts\/3696\/revisions"}],"predecessor-version":[{"id":3763,"href":"https:\/\/thepositivefashionclub.com\/es\/wp-json\/wp\/v2\/posts\/3696\/revisions\/3763"}],"wp:featuredmedia":[{"embeddable":true,"href":"https:\/\/thepositivefashionclub.com\/es\/wp-json\/wp\/v2\/media\/3697"}],"wp:attachment":[{"href":"https:\/\/thepositivefashionclub.com\/es\/wp-json\/wp\/v2\/media?parent=3696"}],"wp:term":[{"taxonomy":"category","embeddable":true,"href":"https:\/\/thepositivefashionclub.com\/es\/wp-json\/wp\/v2\/categories?post=3696"},{"taxonomy":"post_tag","embeddable":true,"href":"https:\/\/thepositivefashionclub.com\/es\/wp-json\/wp\/v2\/tags?post=3696"}],"curies":[{"name":"wp","href":"https:\/\/api.w.org\/{rel}","templated":true}]}}