{"id":677,"date":"2023-07-05T05:56:14","date_gmt":"2023-07-05T05:56:14","guid":{"rendered":"https:\/\/thepositivefashionclub.com\/?p=677"},"modified":"2024-04-22T14:24:21","modified_gmt":"2024-04-22T14:24:21","slug":"el-mural-de-la-prenda-favorita-4","status":"publish","type":"post","link":"https:\/\/thepositivefashionclub.com\/es\/el-mural-de-la-prenda-favorita-4\/","title":{"rendered":"El Club de la Moda Positiva llega a Valencia"},"content":{"rendered":"\n<h2 class=\"wp-block-heading\"><strong>dejamos una huella positiva en los ni\u00f1os del Colegio Ceip Verge del Miracle<\/strong><\/h2>\n\n\n\n<p>Valencia ha sido testigo de un emocionante taller de moda con un enfoque diferente. De mano de nuestra talentosa tallerista Alba La Torre, los ni\u00f1os del Colegio <strong>Ceip Verge del Miracle<\/strong> han vivido una experiencia \u00fanica al participar en el \u00abTorneo de Batalla de Prendas\u00bb.<\/p>\n\n\n\n<p>En este evento lleno de diversi\u00f3n y aprendizaje, los peque\u00f1os no solo disfrutaron jugando, sino que tambi\u00e9n adquirieron conocimientos valiosos sobre el impacto que la ropa puede tener en nuestro medio ambiente. La actividad les ense\u00f1\u00f3 que no todas las prendas son iguales y que algunas tienen un impacto negativo en nuestro planeta, mientras que otras son m\u00e1s amigables con el medio ambiente.<\/p>\n\n\n\n<p>A trav\u00e9s de din\u00e1micas l\u00fadicas y did\u00e1cticas, los ni\u00f1os aprendieron a identificar las prendas que pueden contribuir a la protecci\u00f3n del medio ambiente. Aprendieron sobre materiales sostenibles, pr\u00e1cticas \u00e9ticas en la industria de la moda y la importancia de tomar decisiones responsables al cuidar y seleccionar su ropa.<\/p>\n\n\n\n<p>El Club de la Moda Positiva se apoya en el juego como herramienta para educar y fomentar la conciencia ambiental en las nuevas generaciones. Gracias a actividades como el \u00abTorneo de Batalla de Prendas\u00bb, se abre un camino hacia un futuro m\u00e1s consciente y respetuoso con nuestro planeta.<\/p>\n\n\n\n<p>El Club de la Moda Positiva continuar\u00e1 llevando sus enriquecedoras actividades a diversas comunidades, inspirando a m\u00e1s personas a sumarse a esta causa en pro del planeta y las futuras generaciones. \u00a1Valencia ha sido solo el comienzo de esta apasionante traves\u00eda hacia una moda m\u00e1s consciente y sostenible!<\/p>\n\n\n\n<figure class=\"wp-block-gallery has-nested-images columns-default is-cropped wp-block-gallery-1 is-layout-flex wp-block-gallery-is-layout-flex\">\n<figure class=\"wp-block-image size-large\"><img fetchpriority=\"high\" decoding=\"async\" width=\"1024\" height=\"683\" data-id=\"1888\" src=\"https:\/\/thepositivefashionclub.com\/wp-content\/uploads\/2023\/07\/foto-noticia-05-1024x683.jpg\" alt=\"\" class=\"wp-image-1888\" srcset=\"https:\/\/thepositivefashionclub.com\/wp-content\/uploads\/2023\/07\/foto-noticia-05-1024x683.jpg 1024w, https:\/\/thepositivefashionclub.com\/wp-content\/uploads\/2023\/07\/foto-noticia-05-300x200.jpg 300w, https:\/\/thepositivefashionclub.com\/wp-content\/uploads\/2023\/07\/foto-noticia-05-768x512.jpg 768w, https:\/\/thepositivefashionclub.com\/wp-content\/uploads\/2023\/07\/foto-noticia-05-1536x1024.jpg 1536w, https:\/\/thepositivefashionclub.com\/wp-content\/uploads\/2023\/07\/foto-noticia-05-2048x1366.jpg 2048w, https:\/\/thepositivefashionclub.com\/wp-content\/uploads\/2023\/07\/foto-noticia-05-600x400.jpg 600w\" sizes=\"(max-width: 1024px) 100vw, 1024px\" \/><\/figure>\n\n\n\n<figure class=\"wp-block-image size-large\"><img decoding=\"async\" width=\"1024\" height=\"683\" data-id=\"1886\" src=\"https:\/\/thepositivefashionclub.com\/wp-content\/uploads\/2023\/07\/foto-noticia-03-1024x683.jpg\" alt=\"\" class=\"wp-image-1886\" srcset=\"https:\/\/thepositivefashionclub.com\/wp-content\/uploads\/2023\/07\/foto-noticia-03-1024x683.jpg 1024w, https:\/\/thepositivefashionclub.com\/wp-content\/uploads\/2023\/07\/foto-noticia-03-300x200.jpg 300w, https:\/\/thepositivefashionclub.com\/wp-content\/uploads\/2023\/07\/foto-noticia-03-768x512.jpg 768w, https:\/\/thepositivefashionclub.com\/wp-content\/uploads\/2023\/07\/foto-noticia-03-1536x1024.jpg 1536w, https:\/\/thepositivefashionclub.com\/wp-content\/uploads\/2023\/07\/foto-noticia-03-2048x1366.jpg 2048w, https:\/\/thepositivefashionclub.com\/wp-content\/uploads\/2023\/07\/foto-noticia-03-600x400.jpg 600w\" sizes=\"(max-width: 1024px) 100vw, 1024px\" \/><\/figure>\n\n\n\n<figure class=\"wp-block-image size-large\"><img decoding=\"async\" width=\"1024\" height=\"683\" data-id=\"1885\" src=\"https:\/\/thepositivefashionclub.com\/wp-content\/uploads\/2023\/07\/foto-noticia-02-1024x683.jpg\" alt=\"\" class=\"wp-image-1885\" srcset=\"https:\/\/thepositivefashionclub.com\/wp-content\/uploads\/2023\/07\/foto-noticia-02-1024x683.jpg 1024w, https:\/\/thepositivefashionclub.com\/wp-content\/uploads\/2023\/07\/foto-noticia-02-300x200.jpg 300w, https:\/\/thepositivefashionclub.com\/wp-content\/uploads\/2023\/07\/foto-noticia-02-768x512.jpg 768w, https:\/\/thepositivefashionclub.com\/wp-content\/uploads\/2023\/07\/foto-noticia-02-1536x1024.jpg 1536w, https:\/\/thepositivefashionclub.com\/wp-content\/uploads\/2023\/07\/foto-noticia-02-2048x1366.jpg 2048w, https:\/\/thepositivefashionclub.com\/wp-content\/uploads\/2023\/07\/foto-noticia-02-600x400.jpg 600w\" sizes=\"(max-width: 1024px) 100vw, 1024px\" \/><\/figure>\n<\/figure>\n","protected":false},"excerpt":{"rendered":"<p>Valencia ha sido testigo de un emocionante taller de moda con un enfoque diferente. De mano de nuestra talentosa tallerista Alba La Torre, los ni\u00f1os del Colegio Ceip Verge del Miracle han vivido una experiencia \u00fanica al participar en el \u00abTorneo de Batalla de Prendas\u00bb.<\/p>\n","protected":false},"author":1,"featured_media":1887,"comment_status":"closed","ping_status":"open","sticky":false,"template":"","format":"standard","meta":{"footnotes":""},"categories":[1],"tags":[],"class_list":["post-677","post","type-post","status-publish","format-standard","has-post-thumbnail","hentry","category-sin-categorizar"],"yoast_head":"<!-- This site is optimized with the Yoast SEO plugin v27.5 - https:\/\/yoast.com\/product\/yoast-seo-wordpress\/ -->\n<title>El Club de la Moda Positiva llega a Valencia - El Club de la Moda Positiva<\/title>\n<meta name=\"robots\" content=\"index, follow, max-snippet:-1, max-image-preview:large, max-video-preview:-1\" \/>\n<link rel=\"canonical\" href=\"https:\/\/thepositivefashionclub.com\/es\/el-mural-de-la-prenda-favorita-4\/\" \/>\n<meta property=\"og:locale\" content=\"es_ES\" \/>\n<meta property=\"og:type\" content=\"article\" \/>\n<meta property=\"og:title\" content=\"El Club de la Moda Positiva llega a Valencia - El Club de la Moda Positiva\" \/>\n<meta property=\"og:description\" content=\"Valencia ha sido testigo de un emocionante taller de moda con un enfoque diferente. De mano de nuestra talentosa tallerista Alba La Torre, los ni\u00f1os del Colegio Ceip Verge del Miracle han vivido una experiencia \u00fanica al participar en el &quot;Torneo de Batalla de Prendas&quot;.\" \/>\n<meta property=\"og:url\" content=\"https:\/\/thepositivefashionclub.com\/es\/el-mural-de-la-prenda-favorita-4\/\" \/>\n<meta property=\"og:site_name\" content=\"El Club de la Moda Positiva\" \/>\n<meta property=\"article:publisher\" content=\"https:\/\/www.facebook.com\/elclubdelamodapositiva\" \/>\n<meta property=\"article:published_time\" content=\"2023-07-05T05:56:14+00:00\" \/>\n<meta property=\"article:modified_time\" content=\"2024-04-22T14:24:21+00:00\" \/>\n<meta property=\"og:image\" content=\"https:\/\/thepositivefashionclub.com\/wp-content\/uploads\/2023\/07\/foto-noticia-04.jpg\" \/>\n\t<meta property=\"og:image:width\" content=\"2500\" \/>\n\t<meta property=\"og:image:height\" content=\"1667\" \/>\n\t<meta property=\"og:image:type\" content=\"image\/jpeg\" \/>\n<meta name=\"author\" content=\"Wabi\" \/>\n<meta name=\"twitter:card\" content=\"summary_large_image\" \/>\n<meta name=\"twitter:label1\" content=\"Escrito por\" \/>\n\t<meta name=\"twitter:data1\" content=\"Wabi\" \/>\n\t<meta name=\"twitter:label2\" content=\"Tiempo de lectura\" \/>\n\t<meta name=\"twitter:data2\" content=\"1 minuto\" \/>\n<script type=\"application\/ld+json\" class=\"yoast-schema-graph\">{\"@context\":\"https:\\\/\\\/schema.org\",\"@graph\":[{\"@type\":\"Article\",\"@id\":\"https:\\\/\\\/thepositivefashionclub.com\\\/es\\\/el-mural-de-la-prenda-favorita-4\\\/#article\",\"isPartOf\":{\"@id\":\"https:\\\/\\\/thepositivefashionclub.com\\\/es\\\/el-mural-de-la-prenda-favorita-4\\\/\"},\"author\":{\"name\":\"Wabi\",\"@id\":\"https:\\\/\\\/thepositivefashionclub.com\\\/es\\\/#\\\/schema\\\/person\\\/cbd9d637995b2c1e75a9f3a0487fc7ec\"},\"headline\":\"El Club de la Moda Positiva llega a Valencia\",\"datePublished\":\"2023-07-05T05:56:14+00:00\",\"dateModified\":\"2024-04-22T14:24:21+00:00\",\"mainEntityOfPage\":{\"@id\":\"https:\\\/\\\/thepositivefashionclub.com\\\/es\\\/el-mural-de-la-prenda-favorita-4\\\/\"},\"wordCount\":291,\"publisher\":{\"@id\":\"https:\\\/\\\/thepositivefashionclub.com\\\/es\\\/#organization\"},\"image\":{\"@id\":\"https:\\\/\\\/thepositivefashionclub.com\\\/es\\\/el-mural-de-la-prenda-favorita-4\\\/#primaryimage\"},\"thumbnailUrl\":\"https:\\\/\\\/thepositivefashionclub.com\\\/wp-content\\\/uploads\\\/2023\\\/07\\\/foto-noticia-04.jpg\",\"articleSection\":[\"Sin categorizar\"],\"inLanguage\":\"es\"},{\"@type\":\"WebPage\",\"@id\":\"https:\\\/\\\/thepositivefashionclub.com\\\/es\\\/el-mural-de-la-prenda-favorita-4\\\/\",\"url\":\"https:\\\/\\\/thepositivefashionclub.com\\\/es\\\/el-mural-de-la-prenda-favorita-4\\\/\",\"name\":\"El Club de la Moda Positiva llega a Valencia - El Club de la Moda Positiva\",\"isPartOf\":{\"@id\":\"https:\\\/\\\/thepositivefashionclub.com\\\/es\\\/#website\"},\"primaryImageOfPage\":{\"@id\":\"https:\\\/\\\/thepositivefashionclub.com\\\/es\\\/el-mural-de-la-prenda-favorita-4\\\/#primaryimage\"},\"image\":{\"@id\":\"https:\\\/\\\/thepositivefashionclub.com\\\/es\\\/el-mural-de-la-prenda-favorita-4\\\/#primaryimage\"},\"thumbnailUrl\":\"https:\\\/\\\/thepositivefashionclub.com\\\/wp-content\\\/uploads\\\/2023\\\/07\\\/foto-noticia-04.jpg\",\"datePublished\":\"2023-07-05T05:56:14+00:00\",\"dateModified\":\"2024-04-22T14:24:21+00:00\",\"breadcrumb\":{\"@id\":\"https:\\\/\\\/thepositivefashionclub.com\\\/es\\\/el-mural-de-la-prenda-favorita-4\\\/#breadcrumb\"},\"inLanguage\":\"es\",\"potentialAction\":[{\"@type\":\"ReadAction\",\"target\":[\"https:\\\/\\\/thepositivefashionclub.com\\\/es\\\/el-mural-de-la-prenda-favorita-4\\\/\"]}]},{\"@type\":\"ImageObject\",\"inLanguage\":\"es\",\"@id\":\"https:\\\/\\\/thepositivefashionclub.com\\\/es\\\/el-mural-de-la-prenda-favorita-4\\\/#primaryimage\",\"url\":\"https:\\\/\\\/thepositivefashionclub.com\\\/wp-content\\\/uploads\\\/2023\\\/07\\\/foto-noticia-04.jpg\",\"contentUrl\":\"https:\\\/\\\/thepositivefashionclub.com\\\/wp-content\\\/uploads\\\/2023\\\/07\\\/foto-noticia-04.jpg\",\"width\":2500,\"height\":1667},{\"@type\":\"BreadcrumbList\",\"@id\":\"https:\\\/\\\/thepositivefashionclub.com\\\/es\\\/el-mural-de-la-prenda-favorita-4\\\/#breadcrumb\",\"itemListElement\":[{\"@type\":\"ListItem\",\"position\":1,\"name\":\"Portada\",\"item\":\"https:\\\/\\\/thepositivefashionclub.com\\\/es\\\/\"},{\"@type\":\"ListItem\",\"position\":2,\"name\":\"El Club de la Moda Positiva llega a Valencia\"}]},{\"@type\":\"WebSite\",\"@id\":\"https:\\\/\\\/thepositivefashionclub.com\\\/es\\\/#website\",\"url\":\"https:\\\/\\\/thepositivefashionclub.com\\\/es\\\/\",\"name\":\"El Club de la Moda Positiva\",\"description\":\"\",\"publisher\":{\"@id\":\"https:\\\/\\\/thepositivefashionclub.com\\\/es\\\/#organization\"},\"potentialAction\":[{\"@type\":\"SearchAction\",\"target\":{\"@type\":\"EntryPoint\",\"urlTemplate\":\"https:\\\/\\\/thepositivefashionclub.com\\\/es\\\/?s={search_term_string}\"},\"query-input\":{\"@type\":\"PropertyValueSpecification\",\"valueRequired\":true,\"valueName\":\"search_term_string\"}}],\"inLanguage\":\"es\"},{\"@type\":\"Organization\",\"@id\":\"https:\\\/\\\/thepositivefashionclub.com\\\/es\\\/#organization\",\"name\":\"El Club de la Moda Positiva\",\"url\":\"https:\\\/\\\/thepositivefashionclub.com\\\/es\\\/\",\"logo\":{\"@type\":\"ImageObject\",\"inLanguage\":\"es\",\"@id\":\"https:\\\/\\\/thepositivefashionclub.com\\\/es\\\/#\\\/schema\\\/logo\\\/image\\\/\",\"url\":\"https:\\\/\\\/thepositivefashionclub.com\\\/wp-content\\\/uploads\\\/2024\\\/10\\\/cropped-logo-PFC-e1730203443817.jpg\",\"contentUrl\":\"https:\\\/\\\/thepositivefashionclub.com\\\/wp-content\\\/uploads\\\/2024\\\/10\\\/cropped-logo-PFC-e1730203443817.jpg\",\"width\":300,\"height\":303,\"caption\":\"El Club de la Moda Positiva\"},\"image\":{\"@id\":\"https:\\\/\\\/thepositivefashionclub.com\\\/es\\\/#\\\/schema\\\/logo\\\/image\\\/\"},\"sameAs\":[\"https:\\\/\\\/www.facebook.com\\\/elclubdelamodapositiva\",\"https:\\\/\\\/www.instagram.com\\\/elclubdelamodapositiva\\\/\",\"https:\\\/\\\/www.linkedin.com\\\/company\\\/el-club-de-la-moda-positiva\\\/\",\"https:\\\/\\\/www.youtube.com\\\/@elclubdelamodapositiva7328\"]},{\"@type\":\"Person\",\"@id\":\"https:\\\/\\\/thepositivefashionclub.com\\\/es\\\/#\\\/schema\\\/person\\\/cbd9d637995b2c1e75a9f3a0487fc7ec\",\"name\":\"Wabi\",\"image\":{\"@type\":\"ImageObject\",\"inLanguage\":\"es\",\"@id\":\"https:\\\/\\\/secure.gravatar.com\\\/avatar\\\/02e507ad392b247c4f9092c139a289489ff0fb50a86afa93e2f64721f1f6d2ff?s=96&d=mm&r=g\",\"url\":\"https:\\\/\\\/secure.gravatar.com\\\/avatar\\\/02e507ad392b247c4f9092c139a289489ff0fb50a86afa93e2f64721f1f6d2ff?s=96&d=mm&r=g\",\"contentUrl\":\"https:\\\/\\\/secure.gravatar.com\\\/avatar\\\/02e507ad392b247c4f9092c139a289489ff0fb50a86afa93e2f64721f1f6d2ff?s=96&d=mm&r=g\",\"caption\":\"Wabi\"},\"sameAs\":[\"https:\\\/\\\/thepositivefashionclub.com\"],\"url\":\"https:\\\/\\\/thepositivefashionclub.com\\\/es\\\/author\\\/wabi\\\/\"}]}<\/script>\n<!-- \/ Yoast SEO plugin. -->","yoast_head_json":{"title":"El Club de la Moda Positiva llega a Valencia - El Club de la Moda Positiva","robots":{"index":"index","follow":"follow","max-snippet":"max-snippet:-1","max-image-preview":"max-image-preview:large","max-video-preview":"max-video-preview:-1"},"canonical":"https:\/\/thepositivefashionclub.com\/es\/el-mural-de-la-prenda-favorita-4\/","og_locale":"es_ES","og_type":"article","og_title":"El Club de la Moda Positiva llega a Valencia - El Club de la Moda Positiva","og_description":"Valencia ha sido testigo de un emocionante taller de moda con un enfoque diferente. De mano de nuestra talentosa tallerista Alba La Torre, los ni\u00f1os del Colegio Ceip Verge del Miracle han vivido una experiencia \u00fanica al participar en el \"Torneo de Batalla de Prendas\".","og_url":"https:\/\/thepositivefashionclub.com\/es\/el-mural-de-la-prenda-favorita-4\/","og_site_name":"El Club de la Moda Positiva","article_publisher":"https:\/\/www.facebook.com\/elclubdelamodapositiva","article_published_time":"2023-07-05T05:56:14+00:00","article_modified_time":"2024-04-22T14:24:21+00:00","og_image":[{"width":2500,"height":1667,"url":"https:\/\/thepositivefashionclub.com\/wp-content\/uploads\/2023\/07\/foto-noticia-04.jpg","type":"image\/jpeg"}],"author":"Wabi","twitter_card":"summary_large_image","twitter_misc":{"Escrito por":"Wabi","Tiempo de lectura":"1 minuto"},"schema":{"@context":"https:\/\/schema.org","@graph":[{"@type":"Article","@id":"https:\/\/thepositivefashionclub.com\/es\/el-mural-de-la-prenda-favorita-4\/#article","isPartOf":{"@id":"https:\/\/thepositivefashionclub.com\/es\/el-mural-de-la-prenda-favorita-4\/"},"author":{"name":"Wabi","@id":"https:\/\/thepositivefashionclub.com\/es\/#\/schema\/person\/cbd9d637995b2c1e75a9f3a0487fc7ec"},"headline":"El Club de la Moda Positiva llega a Valencia","datePublished":"2023-07-05T05:56:14+00:00","dateModified":"2024-04-22T14:24:21+00:00","mainEntityOfPage":{"@id":"https:\/\/thepositivefashionclub.com\/es\/el-mural-de-la-prenda-favorita-4\/"},"wordCount":291,"publisher":{"@id":"https:\/\/thepositivefashionclub.com\/es\/#organization"},"image":{"@id":"https:\/\/thepositivefashionclub.com\/es\/el-mural-de-la-prenda-favorita-4\/#primaryimage"},"thumbnailUrl":"https:\/\/thepositivefashionclub.com\/wp-content\/uploads\/2023\/07\/foto-noticia-04.jpg","articleSection":["Sin categorizar"],"inLanguage":"es"},{"@type":"WebPage","@id":"https:\/\/thepositivefashionclub.com\/es\/el-mural-de-la-prenda-favorita-4\/","url":"https:\/\/thepositivefashionclub.com\/es\/el-mural-de-la-prenda-favorita-4\/","name":"El Club de la Moda Positiva llega a Valencia - El Club de la Moda Positiva","isPartOf":{"@id":"https:\/\/thepositivefashionclub.com\/es\/#website"},"primaryImageOfPage":{"@id":"https:\/\/thepositivefashionclub.com\/es\/el-mural-de-la-prenda-favorita-4\/#primaryimage"},"image":{"@id":"https:\/\/thepositivefashionclub.com\/es\/el-mural-de-la-prenda-favorita-4\/#primaryimage"},"thumbnailUrl":"https:\/\/thepositivefashionclub.com\/wp-content\/uploads\/2023\/07\/foto-noticia-04.jpg","datePublished":"2023-07-05T05:56:14+00:00","dateModified":"2024-04-22T14:24:21+00:00","breadcrumb":{"@id":"https:\/\/thepositivefashionclub.com\/es\/el-mural-de-la-prenda-favorita-4\/#breadcrumb"},"inLanguage":"es","potentialAction":[{"@type":"ReadAction","target":["https:\/\/thepositivefashionclub.com\/es\/el-mural-de-la-prenda-favorita-4\/"]}]},{"@type":"ImageObject","inLanguage":"es","@id":"https:\/\/thepositivefashionclub.com\/es\/el-mural-de-la-prenda-favorita-4\/#primaryimage","url":"https:\/\/thepositivefashionclub.com\/wp-content\/uploads\/2023\/07\/foto-noticia-04.jpg","contentUrl":"https:\/\/thepositivefashionclub.com\/wp-content\/uploads\/2023\/07\/foto-noticia-04.jpg","width":2500,"height":1667},{"@type":"BreadcrumbList","@id":"https:\/\/thepositivefashionclub.com\/es\/el-mural-de-la-prenda-favorita-4\/#breadcrumb","itemListElement":[{"@type":"ListItem","position":1,"name":"Portada","item":"https:\/\/thepositivefashionclub.com\/es\/"},{"@type":"ListItem","position":2,"name":"El Club de la Moda Positiva llega a Valencia"}]},{"@type":"WebSite","@id":"https:\/\/thepositivefashionclub.com\/es\/#website","url":"https:\/\/thepositivefashionclub.com\/es\/","name":"El Club de la Moda Positiva","description":"","publisher":{"@id":"https:\/\/thepositivefashionclub.com\/es\/#organization"},"potentialAction":[{"@type":"SearchAction","target":{"@type":"EntryPoint","urlTemplate":"https:\/\/thepositivefashionclub.com\/es\/?s={search_term_string}"},"query-input":{"@type":"PropertyValueSpecification","valueRequired":true,"valueName":"search_term_string"}}],"inLanguage":"es"},{"@type":"Organization","@id":"https:\/\/thepositivefashionclub.com\/es\/#organization","name":"El Club de la Moda Positiva","url":"https:\/\/thepositivefashionclub.com\/es\/","logo":{"@type":"ImageObject","inLanguage":"es","@id":"https:\/\/thepositivefashionclub.com\/es\/#\/schema\/logo\/image\/","url":"https:\/\/thepositivefashionclub.com\/wp-content\/uploads\/2024\/10\/cropped-logo-PFC-e1730203443817.jpg","contentUrl":"https:\/\/thepositivefashionclub.com\/wp-content\/uploads\/2024\/10\/cropped-logo-PFC-e1730203443817.jpg","width":300,"height":303,"caption":"El Club de la Moda Positiva"},"image":{"@id":"https:\/\/thepositivefashionclub.com\/es\/#\/schema\/logo\/image\/"},"sameAs":["https:\/\/www.facebook.com\/elclubdelamodapositiva","https:\/\/www.instagram.com\/elclubdelamodapositiva\/","https:\/\/www.linkedin.com\/company\/el-club-de-la-moda-positiva\/","https:\/\/www.youtube.com\/@elclubdelamodapositiva7328"]},{"@type":"Person","@id":"https:\/\/thepositivefashionclub.com\/es\/#\/schema\/person\/cbd9d637995b2c1e75a9f3a0487fc7ec","name":"Wabi","image":{"@type":"ImageObject","inLanguage":"es","@id":"https:\/\/secure.gravatar.com\/avatar\/02e507ad392b247c4f9092c139a289489ff0fb50a86afa93e2f64721f1f6d2ff?s=96&d=mm&r=g","url":"https:\/\/secure.gravatar.com\/avatar\/02e507ad392b247c4f9092c139a289489ff0fb50a86afa93e2f64721f1f6d2ff?s=96&d=mm&r=g","contentUrl":"https:\/\/secure.gravatar.com\/avatar\/02e507ad392b247c4f9092c139a289489ff0fb50a86afa93e2f64721f1f6d2ff?s=96&d=mm&r=g","caption":"Wabi"},"sameAs":["https:\/\/thepositivefashionclub.com"],"url":"https:\/\/thepositivefashionclub.com\/es\/author\/wabi\/"}]}},"_links":{"self":[{"href":"https:\/\/thepositivefashionclub.com\/es\/wp-json\/wp\/v2\/posts\/677","targetHints":{"allow":["GET"]}}],"collection":[{"href":"https:\/\/thepositivefashionclub.com\/es\/wp-json\/wp\/v2\/posts"}],"about":[{"href":"https:\/\/thepositivefashionclub.com\/es\/wp-json\/wp\/v2\/types\/post"}],"author":[{"embeddable":true,"href":"https:\/\/thepositivefashionclub.com\/es\/wp-json\/wp\/v2\/users\/1"}],"replies":[{"embeddable":true,"href":"https:\/\/thepositivefashionclub.com\/es\/wp-json\/wp\/v2\/comments?post=677"}],"version-history":[{"count":5,"href":"https:\/\/thepositivefashionclub.com\/es\/wp-json\/wp\/v2\/posts\/677\/revisions"}],"predecessor-version":[{"id":3641,"href":"https:\/\/thepositivefashionclub.com\/es\/wp-json\/wp\/v2\/posts\/677\/revisions\/3641"}],"wp:featuredmedia":[{"embeddable":true,"href":"https:\/\/thepositivefashionclub.com\/es\/wp-json\/wp\/v2\/media\/1887"}],"wp:attachment":[{"href":"https:\/\/thepositivefashionclub.com\/es\/wp-json\/wp\/v2\/media?parent=677"}],"wp:term":[{"taxonomy":"category","embeddable":true,"href":"https:\/\/thepositivefashionclub.com\/es\/wp-json\/wp\/v2\/categories?post=677"},{"taxonomy":"post_tag","embeddable":true,"href":"https:\/\/thepositivefashionclub.com\/es\/wp-json\/wp\/v2\/tags?post=677"}],"curies":[{"name":"wp","href":"https:\/\/api.w.org\/{rel}","templated":true}]}}